[{"@context":"https:\/\/schema.org\/","@type":"NewsArticle","@id":"https:\/\/www.radiotime.it\/2022\/01\/03\/auto-elettriche-in-sicilia-in-pagamento-i-contributi-dalla-regione-falcone-vicini-alle-famiglie-che-scelgono-la-mobilita-green\/#NewsArticle","mainEntityOfPage":"https:\/\/www.radiotime.it\/2022\/01\/03\/auto-elettriche-in-sicilia-in-pagamento-i-contributi-dalla-regione-falcone-vicini-alle-famiglie-che-scelgono-la-mobilita-green\/","headline":"Auto elettriche in Sicilia, in pagamento i contributi dalla Regione. Falcone: \u00abVicini alle famiglie che scelgono la mobilit\u00e0 green\u00bb","name":"Auto elettriche in Sicilia, in pagamento i contributi dalla Regione. Falcone: \u00abVicini alle famiglie che scelgono la mobilit\u00e0 green\u00bb","description":"Sono in pagamento i contributi da parte della Regione Siciliana per l&#8217;acquisto di auto elettriche o ibride. Lo rende noto l&#8217;assessore regionale alle Infrastrutture e alla Mobilit\u00e0 Marco Falcone, dopo l&#8217;elaborazione delle relative graduatorie e la firma sui decreti che individuano una quarantina di beneficiari provenienti da tutte le province siciliane. Le agevolazioni riguardano la [&hellip;]","datePublished":"2022-01-03","dateModified":"2022-01-03","author":{"@type":"Person","@id":"https:\/\/www.radiotime.it\/author\/staff\/#Person","name":"staff","url":"https:\/\/www.radiotime.it\/author\/staff\/","identifier":8,"image":{"@type":"ImageObject","@id":"https:\/\/secure.gravatar.com\/avatar\/8f004fcfadece6f5f68f901a61253afb?s=96&d=mm&r=g","url":"https:\/\/secure.gravatar.com\/avatar\/8f004fcfadece6f5f68f901a61253afb?s=96&d=mm&r=g","height":96,"width":96}},"publisher":{"@type":"Organization","name":"RADIOTIME","logo":{"@type":"ImageObject","@id":"https:\/\/www.radiotime.it\/wp-content\/uploads\/2020\/02\/Logo_Time_1500-e1580898267395.png","url":"https:\/\/www.radiotime.it\/wp-content\/uploads\/2020\/02\/Logo_Time_1500-e1580898267395.png","width":600,"height":60}},"image":{"@type":"ImageObject","@id":"https:\/\/www.radiotime.it\/wp-content\/uploads\/2022\/01\/marco_Falcone.jpg","url":"https:\/\/www.radiotime.it\/wp-content\/uploads\/2022\/01\/marco_Falcone.jpg","height":1333,"width":1771},"url":"https:\/\/www.radiotime.it\/2022\/01\/03\/auto-elettriche-in-sicilia-in-pagamento-i-contributi-dalla-regione-falcone-vicini-alle-famiglie-che-scelgono-la-mobilita-green\/","about":["Cronaca","News"],"wordCount":168,"keywords":["#falcone","auto elettriche","Contributi","mobilit\u00e0","mobilit\u00e0 sostenibile","regione siciliana","Sicilia"],"articleBody":"Sono in pagamento i contributi da parte della Regione Siciliana per l&#8217;acquisto di auto elettriche o ibride. Lo rende noto l&#8217;assessore regionale alle Infrastrutture e alla Mobilit\u00e0 Marco Falcone, dopo l&#8217;elaborazione delle relative graduatorie e la firma sui decreti che individuano una quarantina di beneficiari provenienti da tutte le province siciliane. Le agevolazioni riguardano la rottamazione di veicoli da euro 0 a euro 3 e il contestuale acquisto di veicoli a trazione elettrica o ibrida euro 6.&nbsp;\u00abA ciascuno dei soggetti che hanno presentato domanda, in regola con i requisiti richiesti &#8211; spiega l&#8217;assessore Falcone &#8211; assegniamo oggi 4 mila euro a testa, ripartendo uno stanziamento complessivo da 150 mila euro previsto nella Finanziaria 2021. Grazie alla sinergia fra governo Musumeci e Ars, per la prima volta la Regione Siciliana sostiene in maniera diretta le famiglie che scelgono di investire su veicoli a minore impatto ambientale. Una svolta che &#8211; conclude l&#8217;assessore &#8211; migliora la qualit\u00e0 della vita quotidiana di tutti, supportando la transizione verso una mobilit\u00e0 green sempre pi\u00f9 diffusa\u00bb."},{"@context":"https:\/\/schema.org\/","@type":"BreadcrumbList","itemListElement":[{"@type":"ListItem","position":1,"name":"2022","item":"https:\/\/www.radiotime.it\/2022\/#breadcrumbitem"},{"@type":"ListItem","position":2,"name":"01","item":"https:\/\/www.radiotime.it\/2022\/\/01\/#breadcrumbitem"},{"@type":"ListItem","position":3,"name":"03","item":"https:\/\/www.radiotime.it\/2022\/\/01\/\/03\/#breadcrumbitem"},{"@type":"ListItem","position":4,"name":"Auto elettriche in Sicilia, in pagamento i contributi dalla Regione. Falcone: \u00abVicini alle famiglie che scelgono la mobilit\u00e0 green\u00bb","item":"https:\/\/www.radiotime.it\/2022\/01\/03\/auto-elettriche-in-sicilia-in-pagamento-i-contributi-dalla-regione-falcone-vicini-alle-famiglie-che-scelgono-la-mobilita-green\/#breadcrumbitem"}]}]