[{"@context":"https:\/\/schema.org\/","@type":"NewsArticle","@id":"https:\/\/www.radiotime.it\/2022\/03\/08\/matteo-romano-virale-e-disco-doro\/#NewsArticle","mainEntityOfPage":"https:\/\/www.radiotime.it\/2022\/03\/08\/matteo-romano-virale-e-disco-doro\/","headline":"Matteo Romano: &#8220;VIRALE&#8221; \u00e8 disco d\u2019ORO","name":"Matteo Romano: &#8220;VIRALE&#8221; \u00e8 disco d\u2019ORO","description":"\u201cVIRALE\u201d, il singolo inedito che MATTEO ROMANO ha presentato in gara all\u2019ultimo Festival di Sanremo, \u00e8 stato certificato oggi ORO. \u00a0 \u201cVIRALE\u201d, che ad un mese dalla fine del festival \u00e8 ancora nella Top15 dei brani pi\u00f9 ascoltati su Spotify, \u00e8 accompagnato da un video visibile su Matteo Romano: &#8220;VIRALE&#8221; &nbsp; (prodotto da Antonio Giampaolo [&hellip;]","datePublished":"2022-03-08","dateModified":"2022-03-14","author":{"@type":"Person","@id":"https:\/\/www.radiotime.it\/author\/alessandro\/#Person","name":"Redazione","url":"https:\/\/www.radiotime.it\/author\/alessandro\/","identifier":5,"image":{"@type":"ImageObject","@id":"https:\/\/secure.gravatar.com\/avatar\/8376aa91354460349f0772b5903560ae?s=96&d=mm&r=g","url":"https:\/\/secure.gravatar.com\/avatar\/8376aa91354460349f0772b5903560ae?s=96&d=mm&r=g","height":96,"width":96}},"publisher":{"@type":"Organization","name":"RADIOTIME","logo":{"@type":"ImageObject","@id":"https:\/\/www.radiotime.it\/wp-content\/uploads\/2020\/02\/Logo_Time_1500-e1580898267395.png","url":"https:\/\/www.radiotime.it\/wp-content\/uploads\/2020\/02\/Logo_Time_1500-e1580898267395.png","width":600,"height":60}},"image":{"@type":"ImageObject","@id":"https:\/\/www.radiotime.it\/wp-content\/uploads\/2022\/03\/virale-testo-significato-945x630-1.jpg","url":"https:\/\/www.radiotime.it\/wp-content\/uploads\/2022\/03\/virale-testo-significato-945x630-1.jpg","height":630,"width":945},"url":"https:\/\/www.radiotime.it\/2022\/03\/08\/matteo-romano-virale-e-disco-doro\/","video":{"@context":"http:\/\/schema.org\/","@type":"VideoObject","@id":"https:\/\/www.youtube.com\/watch?v=ciUEwnSbry8#VideoObject","contentUrl":"https:\/\/www.youtube.com\/watch?v=ciUEwnSbry8","name":"Matteo Romano - Virale (Sanremo 2022)","description":"Ascolta \u201cVirale\u201d: https:\/\/pld.lnk.to\/virale\n \n\u25ba Segui Matteo Romano\nhttps:\/\/www.instagram.com\/romanomatteo_\/\nhttps:\/\/vm.tiktok.com\/ZM8GCKPHK\/\nhttps:\/\/www.facebook.com\/romanomatteo02\n \n\u25ba Credits\n\nProdotto da Antonio Giampaolo per Maestro \n\nRegia: bendo (Lorenzo Silvestri & Andrea Santaterra) \nDOP: Sammy Paravan \nLight designer: Alessandro D\u2019Emilia \n\nOrganizzatore generale: William Ridley \nProduction Supervisor: Giammario D\u2019Eramo \nDirettore Di Produzione: Livia Gabriotti \n\nColor: Alessandro Rocchi per Chroma division \nAss. Color: Margherita Marzari \n\nScenografo: Claudia Tozzi e Gaia San Martino \n\nCostumista: Roberta Blarasin \nMUA: Valentina Rosano \n\nOperatore Steady: Giuliano Molle \nFocus Puller: Lorenzo De Marco \nAiuto Operatore: Giuseppe Gentili \n\nCapo squadra elettricisti: Valerio Chiavetta \nElettricisti: Daniele Monachesi e Mirko Botticelli \nConsollista: Davide Fusco \n\nCoordinatrice di produzione: Camilla Zanini \nAssistenti di produzione: Giulia Dimastrogiovanni e Vincenzo Zinni \n\nFoto BTS: Giulia Hrvatin \nAutista materiale tecnico: Giancarlo Vasciaveo \n\nThanks to: Filippo Gimigliano, Maurizio Barbetti, Carlo Avella, F.lli Cartocci, Massimo Sergianni. \n\nIl video \u00e8 stato realizzato rispettando tutte le misure di sicurezza a tutela del contenimento del virus COVID \u2013 19.\n \n \n\u25ba Testo\n\nScale\nSolo per salire se vale\nCosa ridi se mi fa male\nCurare ferite col sale\nPare pare\nSu quello che ti piace\nGiuro un po\u2019 lo odio mi spiace\nPregher\u00f2 di farti tornare\nHo il cuore parcheggiato su strade piene, case vuote\n \nBasta \u00e8 la tua risposta\nAnche se poi tutto parla di te\nChe te ne fai dei basta come risposta\nE cadiamo gi\u00f9\nPerdo la testa\nSe non saliamo pi\u00f9\n \nTu mi dici no\nNo no no no\nDi notte non ritorner\u00f2\nFrasi scritte per met\u00e0, se vere non lo so\nAnche tra i grattacieli voler\u00f2\nE lasciati andare\nChe il cuore ti cade gi\u00f9\nE l\u2019amore riappare\nVa in tendenza e risale\nDiventa virale\n \nVale\nSolo se ti va di rischiare\nE no che non ti voglio cambiare\nScordiamo paure come con le chiavi e il cellulare\nBasta quanto ti costa\nTanto ormai tutto qui parla di te\nChe te ne fai dei basta come risposta\nSe cadiamo gi\u00f9\nChe cosa resta\nNon lo ricordi pi\u00f9\n \nTu mi dici no\nNo no no no\nDi notte non ritorner\u00f2\nFrasi scritte per met\u00e1, se vere non lo so\nAnche tra i grattacieli voler\u00f2\nE lasciati andare\nChe il cuore ti cade gi\u00f9\nE l\u2019amore riappare\nVa in tendenza e risale\nDiventa virale\n \nOggi non mi va di uscire, come capitava anche a te\nTroppi giochi di parole\nCome mine pronte a esplodere dentro di me\n \nTu mi dici\nNo no no no\nDi notte non ritorner\u00f2\nFrasi scritte per met\u00e0, se vere non lo so\nAnche tra i grattacieli voler\u00f2\nE lasciati andare\nChe il cuore ti cade gi\u00f9\nE l\u2019amore riappare\nVa in tendenza e risale\nDiventa virale\nVa in tendenza e risale\nDiventa virale","thumbnailUrl":["https:\/\/i.ytimg.com\/vi\/ciUEwnSbry8\/default.jpg","https:\/\/i.ytimg.com\/vi\/ciUEwnSbry8\/mqdefault.jpg","https:\/\/i.ytimg.com\/vi\/ciUEwnSbry8\/hqdefault.jpg","https:\/\/i.ytimg.com\/vi\/ciUEwnSbry8\/sddefault.jpg","https:\/\/i.ytimg.com\/vi\/ciUEwnSbry8\/maxresdefault.jpg"],"uploadDate":"2022-02-03T10:00:18+00:00","duration":"PT3M5S","embedUrl":"https:\/\/www.youtube.com\/embed\/ciUEwnSbry8","publisher":{"@type":"Organization","@id":"https:\/\/www.youtube.com\/channel\/UC4-5gGRSlh1tFvEoPZMix2w#Organization","url":"https:\/\/www.youtube.com\/channel\/UC4-5gGRSlh1tFvEoPZMix2w","name":"MatteoRomanoVEVO","description":"","logo":{"url":"https:\/\/yt3.ggpht.com\/JNUIpRYqMRZMejEvW0OekMBAQ3LF4nwWZJXvbUaILEzH_7LFO9O_TACIB_m9QI2g27xtsuSiOw=s800-c-k-c0x00ffffff-no-rj","width":800,"height":800,"@type":"ImageObject","@id":"https:\/\/www.youtube.com\/watch?v=ciUEwnSbry8#VideoObject_publisher_logo_ImageObject"}},"potentialAction":{"@type":"SeekToAction","@id":"https:\/\/www.youtube.com\/watch?v=ciUEwnSbry8#VideoObject_potentialAction","target":"https:\/\/www.youtube.com\/watch?v=ciUEwnSbry8&t={seek_to_second_number}","startOffset-input":"required name=seek_to_second_number"},"interactionStatistic":[[{"@type":"InteractionCounter","@id":"https:\/\/www.youtube.com\/watch?v=ciUEwnSbry8#VideoObject_interactionStatistic_WatchAction","interactionType":{"@type":"WatchAction"},"userInteractionCount":14045313}],{"@type":"InteractionCounter","@id":"https:\/\/www.youtube.com\/watch?v=ciUEwnSbry8#VideoObject_interactionStatistic_LikeAction","interactionType":{"@type":"LikeAction"},"userInteractionCount":121662}]},"about":["musica","News"],"wordCount":291,"keywords":["Disco d\u2019oro","Matteo Romano","sanremo 2022","Virale"],"articleBody":"\u201cVIRALE\u201d, il singolo inedito che MATTEO ROMANO ha presentato in gara all\u2019ultimo Festival di Sanremo, \u00e8 stato certificato oggi ORO.\u00a0\u201cVIRALE\u201d, che ad un mese dalla fine del festival \u00e8 ancora nella Top15 dei brani pi\u00f9 ascoltati su Spotify, \u00e8 accompagnato da un video visibile suMatteo Romano: &#8220;VIRALE&#8221;&nbsp;(prodotto da Antonio Giampaolo per Maestro e con la regia di bendo, Lorenzo Silvestri &amp; Andrea Santaterra).Il video \u00e8 stato premiato con il\u00a0trofeo dei Soundies #Awards | Premio Casa Sanremo\u00a0&#8211; il primo premio nella storia italiana dedicato ai #videoclip delle canzoni in gara al #Festival di Sanremo.La motivazione recita:\u00a0perch\u00e9 il progetto musicale \u201cVirale\u201d vive in un equilibrio perfetto nella scelta fotografica e di narrazione: un elegante amalgama, con testi e musica senza eccessi e azzardi.\u00a0\u201cVIRALE\u201d, brano firmatodallo stesso Matteo con Dario Faini, Alessandro La Cava e Federico Rossi, racconta di una storia d\u2019amore (o meglio di un litigio dopo l\u2019amore e dell\u2019amore dopo un litigio) con un linguaggio fresco tipico della generazione di Matteo come si capisce dal ritornello: \u201cva in tendenza e risale e diventa Virale\u201d. Matteo Romano ha raccontato \u201cL\u2019esperienza sanremese \u00e8 stata surreale da diversi punti di vista.\u00a0Ho conosciuto persone che ho sempre guardato da lontano, e mai avrei pensato di incontrare. L\u2019affetto e il supporto nei miei confronti \u00e8 stato grandissimo e inaspettato e sono felice davvero di come \u00e8 stato recepito il brano e di come sono stato accolto io. Pensare di essere arrivato 11mo in gara con dei big del genere \u00e8 un grande orgoglio che mi spinge ad andare avanti per questa strada. Sanremo \u00e8 stato per me solo l\u2019inizio\u201d.\u00a0"},{"@context":"https:\/\/schema.org\/","@type":"BreadcrumbList","itemListElement":[{"@type":"ListItem","position":1,"name":"2022","item":"https:\/\/www.radiotime.it\/2022\/#breadcrumbitem"},{"@type":"ListItem","position":2,"name":"03","item":"https:\/\/www.radiotime.it\/2022\/\/03\/#breadcrumbitem"},{"@type":"ListItem","position":3,"name":"08","item":"https:\/\/www.radiotime.it\/2022\/\/03\/\/08\/#breadcrumbitem"},{"@type":"ListItem","position":4,"name":"Matteo Romano: &#8220;VIRALE&#8221; \u00e8 disco d\u2019ORO","item":"https:\/\/www.radiotime.it\/2022\/03\/08\/matteo-romano-virale-e-disco-doro\/#breadcrumbitem"}]}]