[{"@context":"https:\/\/schema.org\/","@type":"NewsArticle","@id":"https:\/\/www.radiotime.it\/2022\/03\/09\/il-riff-di-marco-mengoni-incontra-il-comico-frank-matano\/#NewsArticle","mainEntityOfPage":"https:\/\/www.radiotime.it\/2022\/03\/09\/il-riff-di-marco-mengoni-incontra-il-comico-frank-matano\/","headline":"Il Riff di Marco Mengoni, incontra il comico Frank Matano","name":"Il Riff di Marco Mengoni, incontra il comico Frank Matano","description":"\u00a0il\u00a0settimo episodio\u00a0de\u00a0Il Riff di Marco Mengoni,\u00a0 incontra Frank Matano, comico, personaggio televisivo e attore dalla risata contagiosa. Dopo il debutto della seconda stagione che ha visto Lilli Gruber, Fabio De Luigi, Marco Missiroli, Gregorio Paltrinieri, Pif e Drusilla Foer ospiti delle prime sei puntate, sar\u00e0 disponibile da domani,\u00a0gioved\u00ec 10 marzo,\u00a0su tutte le piattaforme streaming, Il [&hellip;]","datePublished":"2022-03-09","dateModified":"2022-03-14","author":{"@type":"Person","@id":"https:\/\/www.radiotime.it\/author\/alessandro\/#Person","name":"Redazione","url":"https:\/\/www.radiotime.it\/author\/alessandro\/","identifier":5,"image":{"@type":"ImageObject","@id":"https:\/\/secure.gravatar.com\/avatar\/8376aa91354460349f0772b5903560ae?s=96&d=mm&r=g","url":"https:\/\/secure.gravatar.com\/avatar\/8376aa91354460349f0772b5903560ae?s=96&d=mm&r=g","height":96,"width":96}},"publisher":{"@type":"Organization","name":"RADIOTIME","logo":{"@type":"ImageObject","@id":"https:\/\/www.radiotime.it\/wp-content\/uploads\/2020\/02\/Logo_Time_1500-e1580898267395.png","url":"https:\/\/www.radiotime.it\/wp-content\/uploads\/2020\/02\/Logo_Time_1500-e1580898267395.png","width":600,"height":60}},"image":{"@type":"ImageObject","@id":"https:\/\/www.radiotime.it\/wp-content\/uploads\/2022\/03\/marco-mengoni.png","url":"https:\/\/www.radiotime.it\/wp-content\/uploads\/2022\/03\/marco-mengoni.png","height":655,"width":943},"url":"https:\/\/www.radiotime.it\/2022\/03\/09\/il-riff-di-marco-mengoni-incontra-il-comico-frank-matano\/","about":["intrattenimento","News"],"wordCount":473,"keywords":["Frank Matano","Il Riff di Marco Mengoni","marco mengoni"],"articleBody":"\u00a0il\u00a0settimo episodio\u00a0de\u00a0Il Riff di Marco Mengoni,\u00a0 incontra Frank Matano, comico, personaggio televisivo e attore dalla risata contagiosa.Dopo il debutto della seconda stagione che ha visto Lilli Gruber, Fabio De Luigi, Marco Missiroli, Gregorio Paltrinieri, Pif e Drusilla Foer ospiti delle prime sei puntate, sar\u00e0 disponibile da domani,\u00a0gioved\u00ec 10 marzo,\u00a0su tutte le piattaforme streaming,Il Riff di Marco Mengoni, incontra il comico Frank MatanoPi\u00f9 che un\u2019intervista questa puntata sembra un viaggio nella vita di Frank: era un ragazzino molto timido Francesco, amava ridere, ma fino a quando non si \u00e8 trasferito in America non \u00e8 riuscito a superare il muro di timidezza che lo frenava in tutto quello che faceva.Marco ascolta entusiasta la storia di Frank, i racconti della sua famiglia in cui lui \u00e8 cresciuto ridendo per ogni cosa che lo appassiona. Da un certo punto in poi la biografia di Frank \u00e8 nota, ma il dialogo tra Frank e Marco si sposta e i due cominciano a chiacchierare alla ricerca di particolari che non conoscono l\u2019uno dell\u2019altro: Frank ama tutto quello che \u00e8 gioco e Marco lo mette alla prova\u2026Le domande divertono Frank e la chiacchiera tra i due si riempie di risate fino a diventare una bonaria presa in giro, come fossero due amici di vecchia data.Aneddoti, racconti e una vera e propria hit nata per l\u2019occasione: sono questi gli ingredienti di questo incontro tra Marco e Frank. In chiusura di episodio Matano svela a Marco e agli ascoltatori il suo Riff, ovvero la\u00a0curiosit\u00e0, quel senso di indagine morbosa che lo porta a scendere in profondit\u00e0 e conoscere i dettagli di quanti pi\u00f9 argomenti possibili, andando a saziare la grande sete di conoscenza che lo caratterizza e che lo hanno reso l\u2019artista che \u00e8.La nuova stagione de\u00a0Il\u00a0Riff di Marco Mengoni,primo podcast realizzato da un artista italiano e disponibile dal 2019 gratuitamente su tutte le piattaforme di streaming e podcast, \u00e8 arrivata a pochi giorni di distanza dall\u2019uscita di\u00a0Materia (Terra),\u00a0il nuovo album\u00a0per Epic Records Italy \/ Sony Music Italy (certificato\u00a0disco di platino) con cui\u00a0Mengoni ha conquistato il\u00a060\u00b0 platino della sua carriera. L\u2019album contiene i singoli\u00a0Mi fider\u00f2, certificato\u00a0disco d\u2019oro,\u00a0Cambia un uomo\u00a0(disco d\u2019oro) e\u00a0Ma stasera\u00a0(doppio disco di platino), con cui Marco Mengoni \u00e8 l\u2019artista italiano pi\u00f9 trasmesso in radio nel 2021.Materia (Terra)\u00a0\u00e8 l\u2019inizio di un nuovo progetto:\u00a0Materia,\u00a0un percorso in tre album\u00a0che raccontano tre anime differenti, ma complementari, che uniscono le origini di Mengoni, le sue ricerche sonore e la sua attenzione verso la contemporaneit\u00e0. Tre mondi sonori differenti che rappresentano e raccontano la sua unicit\u00e0 musicale, attraverso la narrazione di ci\u00f2 che per lui \u00e8 importante."},{"@context":"https:\/\/schema.org\/","@type":"BreadcrumbList","itemListElement":[{"@type":"ListItem","position":1,"name":"2022","item":"https:\/\/www.radiotime.it\/2022\/#breadcrumbitem"},{"@type":"ListItem","position":2,"name":"03","item":"https:\/\/www.radiotime.it\/2022\/\/03\/#breadcrumbitem"},{"@type":"ListItem","position":3,"name":"09","item":"https:\/\/www.radiotime.it\/2022\/\/03\/\/09\/#breadcrumbitem"},{"@type":"ListItem","position":4,"name":"Il Riff di Marco Mengoni, incontra il comico Frank Matano","item":"https:\/\/www.radiotime.it\/2022\/03\/09\/il-riff-di-marco-mengoni-incontra-il-comico-frank-matano\/#breadcrumbitem"}]}]