[{"@context":"https:\/\/schema.org\/","@type":"NewsArticle","@id":"https:\/\/www.radiotime.it\/2022\/03\/14\/malta-emma-muscat-svela-la-canzone-delleurovision-i-am-what-i-am\/#NewsArticle","mainEntityOfPage":"https:\/\/www.radiotime.it\/2022\/03\/14\/malta-emma-muscat-svela-la-canzone-delleurovision-i-am-what-i-am\/","headline":"Malta: Emma Muscat svela la canzone dell&#8217;Eurovision &#8220;I Am What I Am&#8221;","name":"Malta: Emma Muscat svela la canzone dell&#8217;Eurovision &#8220;I Am What I Am&#8221;","description":"Malta ha rivelato la sua partecipazione al 66\u00b0 Eurovision Song Contest a maggio. L&#8217;artista Emma Muscat viagger\u00e0 a nord verso Torino con la sua canzone &#8216;I Am What I Am&#8216;. Il suo viaggio all&#8217;Eurovision non sar\u00e0 la prima volta che Emma si esibir\u00e0 in Italia. In effetti, la cantante e cantautrice maltese si \u00e8 gi\u00e0 [&hellip;]","datePublished":"2022-03-14","dateModified":"2022-03-14","author":{"@type":"Person","@id":"https:\/\/www.radiotime.it\/author\/alessandro\/#Person","name":"Redazione","url":"https:\/\/www.radiotime.it\/author\/alessandro\/","identifier":5,"image":{"@type":"ImageObject","@id":"https:\/\/secure.gravatar.com\/avatar\/8376aa91354460349f0772b5903560ae?s=96&d=mm&r=g","url":"https:\/\/secure.gravatar.com\/avatar\/8376aa91354460349f0772b5903560ae?s=96&d=mm&r=g","height":96,"width":96}},"publisher":{"@type":"Organization","name":"RADIOTIME","logo":{"@type":"ImageObject","@id":"https:\/\/www.radiotime.it\/wp-content\/uploads\/2020\/02\/Logo_Time_1500-e1580898267395.png","url":"https:\/\/www.radiotime.it\/wp-content\/uploads\/2020\/02\/Logo_Time_1500-e1580898267395.png","width":600,"height":60}},"image":{"@type":"ImageObject","@id":"https:\/\/www.radiotime.it\/wp-content\/uploads\/2022\/03\/emma-muscat.jpg","url":"https:\/\/www.radiotime.it\/wp-content\/uploads\/2022\/03\/emma-muscat.jpg","height":883,"width":1680},"url":"https:\/\/www.radiotime.it\/2022\/03\/14\/malta-emma-muscat-svela-la-canzone-delleurovision-i-am-what-i-am\/","video":{"@context":"http:\/\/schema.org\/","@type":"VideoObject","@id":"https:\/\/www.youtube.com\/watch?v=df-fks-Pj-8#VideoObject","contentUrl":"https:\/\/www.youtube.com\/watch?v=df-fks-Pj-8","name":"Emma Muscat - I Am What I Am - Malta \ud83c\uddf2\ud83c\uddf9 - Official Music Video - Eurovision 2022","description":"Emma Muscat will represent Malta at the Eurovision Song Contest 2022 in Turin with the song 'I Am What I Am'.\n\nHer trip to Eurovision won\u2019t be Emma\u2019s first time performing in Italy. In fact, the Maltese singer and songwriter has already carved out an impressive career for herself as a recording artist in the Mediterranean country. In 2018 she participated in the long-running Italian talent show, Amici di Maria De Filippi, reaching a grand final that drew a TV audience of just under 5 million viewers.\n\nRead more about Emma Muscat: https:\/\/eurovision.tv\/participant\/emma-muscat-22\n\n~~~~~ Lyrics ~~~~~\nEverytime I fall down\nSoon as I hit the ground\nRemind me who I am yeah\nAnd I get back up again\nGetting up getting up - yeah\n\nThis is my master plan\nI'm gonna take a stand\nTake it or leave it\nI am what I am\nI believe that I can\nI'm gonna take command\nTake it or leave it\nI am what I am\n\nI am what I - am\nI am what I - am\nBending backwards trying to fit in\nI\u00b4ll make them understand - yeah\nTake it or leave it\nI am what I am\n\nDevils inside my head - yeah\nLate at night in my bed - yeah\nIts time I shut you up, yeah\nCoz I think I\u00b4ve had enough\nI\u2019ve had enough, had enough, yeah\n\nThis is my master plan\nI'm gonna take a stand\nTake it or leave it\nI am what I am\nI believe that I can\nI'm gonna take command\nTake it or leave it\nI am what I am\n\nI am what I - am\nI am what I - am\nBending backwards trying to fit in\nI\u00b4ll make them understand - yeah\nTake it or leave it\nI am what I am\n\nUh yeah\noh uh\nI am what I am\nI am what I am\n\nThis is my master plan\nI'm gonna take a stand\nTake it or leave it\nI am what I am\nI believe that I can\nI'm gonna take command\nTake it or leave it\nI am what I am\n\nI am what I - am\nI am what I - am\nBending backwards trying to fit in\nI\u00b4ll make them understand - yeah\nTake it or leave it\nI am what I am\n\nThanks to participating broadcaster PBS.\n\n#Eurovision2022 #ESC2022 #Malta\n-\nThe Eurovision Song Contest celebrates diversity through music. Please keep your comments respectful. We will not tolerate racism, sexism, ableism, homophobia, transphobia, body-shaming or any other derogatory or hostile language. Offensive users will be blocked and reported. Music first, always.\n\nFollow us on TikTok: https:\/\/www.tiktok.com\/@Eurovision \nFollow us on Instagram: https:\/\/www.instagram.com\/eurovision \n\n\nIf you want to know more about the Eurovision Song Contest, visit https:\/\/eurovision.tv\n\nShop the official Eurovision Song Contest merchandise: https:\/\/shop.eurovision.tv\/","thumbnailUrl":["https:\/\/i.ytimg.com\/vi\/df-fks-Pj-8\/default.jpg","https:\/\/i.ytimg.com\/vi\/df-fks-Pj-8\/mqdefault.jpg","https:\/\/i.ytimg.com\/vi\/df-fks-Pj-8\/hqdefault.jpg","https:\/\/i.ytimg.com\/vi\/df-fks-Pj-8\/sddefault.jpg","https:\/\/i.ytimg.com\/vi\/df-fks-Pj-8\/maxresdefault.jpg"],"uploadDate":"2022-03-14T13:13:21+00:00","duration":"PT3M20S","embedUrl":"https:\/\/www.youtube.com\/embed\/df-fks-Pj-8","publisher":{"@type":"Organization","@id":"https:\/\/www.youtube.com\/channel\/UCRpjHHu8ivVWs73uxHlWwFA#Organization","url":"https:\/\/www.youtube.com\/channel\/UCRpjHHu8ivVWs73uxHlWwFA","name":"Eurovision Song Contest","description":"Welcome to the official Eurovision Song Contest channel on YouTube! Listen to the songs, watch music videos and performances, and subscribe for exclusive behind-the-scenes clips and interviews. Don't miss out - subscribe to the channel!","logo":{"url":"https:\/\/yt3.ggpht.com\/Nbk9FOWmzYz-1eYlnqhnR1qT0ULJ2iQ0L4IR1eLx7silv-qETBsh_LjpUgnG0WvV6fZypNzCfw=s800-c-k-c0x00ffffff-no-rj","width":800,"height":800,"@type":"ImageObject","@id":"https:\/\/www.youtube.com\/watch?v=df-fks-Pj-8#VideoObject_publisher_logo_ImageObject"}},"potentialAction":{"@type":"SeekToAction","@id":"https:\/\/www.youtube.com\/watch?v=df-fks-Pj-8#VideoObject_potentialAction","target":"https:\/\/www.youtube.com\/watch?v=df-fks-Pj-8&t={seek_to_second_number}","startOffset-input":"required name=seek_to_second_number"},"interactionStatistic":[[{"@type":"InteractionCounter","@id":"https:\/\/www.youtube.com\/watch?v=df-fks-Pj-8#VideoObject_interactionStatistic_WatchAction","interactionType":{"@type":"WatchAction"},"userInteractionCount":1408310}],{"@type":"InteractionCounter","@id":"https:\/\/www.youtube.com\/watch?v=df-fks-Pj-8#VideoObject_interactionStatistic_LikeAction","interactionType":{"@type":"LikeAction"},"userInteractionCount":20600}]},"about":["musica"],"wordCount":267,"keywords":["Emma Muscat","Eurovision Song Contest","I Am What I Am"],"articleBody":"Malta ha rivelato la sua partecipazione al 66\u00b0 Eurovision Song Contest a maggio.L&#8217;artista Emma Muscat viagger\u00e0 a nord verso Torino con la sua canzone &#8216;I Am What I Am&#8216;.Il suo viaggio all&#8217;Eurovision non sar\u00e0 la prima volta che Emma si esibir\u00e0 in Italia. In effetti, la cantante e cantautrice maltese si \u00e8 gi\u00e0 ritagliata una carriera impressionante come artista discografica nel paese mediterraneo. Nel 2018 ha partecipato al talent show italiano\u00a0amici di Maria De Filippi, raggiungendo un gran finale che ha attirato un pubblico televisivo di poco meno di 5 milioni di spettatori.Dopo la sua apparizione nello show, Emma ha firmato un accordo con Warner Music Italy, ed \u00e8 stato pubblicato un album di debutto.\u00a0Moments\u00a0ha raggiunto la top 3 della classifica italiana degli album, e 6 mesi dopo ha anche generato un&#8217;edizione natalizia. Per promuovere l&#8217;album e i suoi singoli, Emma si \u00e8 esibita in concerti con artisti del calibro di Jason Derulo, Hailee Steinfeld, Sigala, Martin Garrix, Bebe Rexha e Ava Max.Quando non rilascia il proprio materiale, i servizi di Emma come cantante sono ricercati nella scena rap. Due rapper italiani \u2013 Shade e Junior Cally \u2013 hanno recentemente fatto esibire Emma come artista protagonista dei loro successi. Oltre ad essere una cantante molto richiesta, Emma compone anche musica e testi, e il musicista esperto pu\u00f2 anche suonare il pianoforte.Con\u00a0I Am What I Am, Emma Muscat non vede l&#8217;ora di presentarsi al suo pi\u00f9 grande pubblico, mentre si prepara a salire sul palco di Torino per Malta.Emma Muscat &#8211; &#8220;I Am What I Am&#8221;&nbsp;"},{"@context":"https:\/\/schema.org\/","@type":"BreadcrumbList","itemListElement":[{"@type":"ListItem","position":1,"name":"2022","item":"https:\/\/www.radiotime.it\/2022\/#breadcrumbitem"},{"@type":"ListItem","position":2,"name":"03","item":"https:\/\/www.radiotime.it\/2022\/\/03\/#breadcrumbitem"},{"@type":"ListItem","position":3,"name":"14","item":"https:\/\/www.radiotime.it\/2022\/\/03\/\/14\/#breadcrumbitem"},{"@type":"ListItem","position":4,"name":"Malta: Emma Muscat svela la canzone dell&#8217;Eurovision &#8220;I Am What I Am&#8221;","item":"https:\/\/www.radiotime.it\/2022\/03\/14\/malta-emma-muscat-svela-la-canzone-delleurovision-i-am-what-i-am\/#breadcrumbitem"}]}]