[{"@context":"https:\/\/schema.org\/","@type":"NewsArticle","@id":"https:\/\/www.radiotime.it\/2022\/03\/20\/sanremo-2023-amadeus-sarebbe-bello-avere-al-festival-mina-e-celentano\/#NewsArticle","mainEntityOfPage":"https:\/\/www.radiotime.it\/2022\/03\/20\/sanremo-2023-amadeus-sarebbe-bello-avere-al-festival-mina-e-celentano\/","headline":"Sanremo 2023: Amadeus, &#8220;sarebbe bello avere al festival Mina e Celentano&#8221;","name":"Sanremo 2023: Amadeus, &#8220;sarebbe bello avere al festival Mina e Celentano&#8221;","description":"Amadeus vorrebbe avere al festival Mina e Adriano Celentano oltre a Sergio Mattarella e Roberto Benigni. Come ben sappiamo, Amadeus \u00e8 stato confermato direttore artistico e presentatore del Festival di Sanremo anche per il 2023. Le precedenti edizioni da lui condotte, nonostante le innumerevoli difficolt\u00e0 legate alla pandemia, sono state estremamente gradite dal pubblico e [&hellip;]","datePublished":"2022-03-20","dateModified":"2022-03-20","author":{"@type":"Person","@id":"https:\/\/www.radiotime.it\/author\/alessandro\/#Person","name":"Redazione","url":"https:\/\/www.radiotime.it\/author\/alessandro\/","identifier":5,"image":{"@type":"ImageObject","@id":"https:\/\/secure.gravatar.com\/avatar\/8376aa91354460349f0772b5903560ae?s=96&d=mm&r=g","url":"https:\/\/secure.gravatar.com\/avatar\/8376aa91354460349f0772b5903560ae?s=96&d=mm&r=g","height":96,"width":96}},"publisher":{"@type":"Organization","name":"RADIOTIME","logo":{"@type":"ImageObject","@id":"https:\/\/www.radiotime.it\/wp-content\/uploads\/2020\/02\/Logo_Time_1500-e1580898267395.png","url":"https:\/\/www.radiotime.it\/wp-content\/uploads\/2020\/02\/Logo_Time_1500-e1580898267395.png","width":600,"height":60}},"image":{"@type":"ImageObject","@id":"https:\/\/www.radiotime.it\/wp-content\/uploads\/2021\/08\/amadeus.jpg","url":"https:\/\/www.radiotime.it\/wp-content\/uploads\/2021\/08\/amadeus.jpg","height":496,"width":740},"url":"https:\/\/www.radiotime.it\/2022\/03\/20\/sanremo-2023-amadeus-sarebbe-bello-avere-al-festival-mina-e-celentano\/","about":["News"],"wordCount":237,"keywords":["#amadeus","Adriano Celentano","Mina","Roberto Benigni","sanremo 2023","sanremo23","Sergio Mattarella"],"articleBody":"Amadeus vorrebbe avere al festival Mina e Adriano Celentano oltre a Sergio Mattarella e Roberto Benigni.Come ben sappiamo, Amadeus \u00e8 stato confermato direttore artistico e presentatore del Festival di Sanremo anche per il 2023. Le precedenti edizioni da lui condotte, nonostante le innumerevoli difficolt\u00e0 legate alla pandemia, sono state estremamente gradite dal pubblico e dalla Rai e francamente non c&#8217;era motivo di cambiare squadra e capitano.Amadeus ha dunque poco meno di un anno di fronte a s\u00e9 per organizzare il prossimo festival, un lasso di tempo generoso che pu\u00f2 permettergli di fare le cose con calma e dunque bene, se non addirittura meglio. Ma la prossima volta Fiorello non ci sar\u00e0, come dice il conduttore in una intervista al settimanale 7 del Corriere della Sera.&nbsp;Visualizza questo post su Instagram&nbsp;Un post condiviso da Giovanna Civitillo &amp; Amadeus \ud83d\udc91 (@giovanna_e_amadeus)Amadeus al settimanale 7 del Corriere della Sera&#8220;Fiorello \u00e8 stato molto generoso con me. Mi ha accompagnato e mi \u00e8 stato vicino in questi anni. Non posso chiedergli di pi\u00f9, ma non si liberer\u00e0 di me. Lo tartasser\u00f2 per avere consigli&#8221; rIl conduttore poi rivela quali super ospiti vorrebbe al Festival, oltre a Sergio Mattarella, ospiti comunque non meno raggiungibili del Presidente della Repubblica:&#8220;Io sono un appassionato della musica italiana. Per questo sarebbe bello avere al festival Mina e Adriano Celentano. E, oltre a loro, mi piacerebbe tornasse Roberto Benigni&#8221;."},{"@context":"https:\/\/schema.org\/","@type":"BreadcrumbList","itemListElement":[{"@type":"ListItem","position":1,"name":"2022","item":"https:\/\/www.radiotime.it\/2022\/#breadcrumbitem"},{"@type":"ListItem","position":2,"name":"03","item":"https:\/\/www.radiotime.it\/2022\/\/03\/#breadcrumbitem"},{"@type":"ListItem","position":3,"name":"20","item":"https:\/\/www.radiotime.it\/2022\/\/03\/\/20\/#breadcrumbitem"},{"@type":"ListItem","position":4,"name":"Sanremo 2023: Amadeus, &#8220;sarebbe bello avere al festival Mina e Celentano&#8221;","item":"https:\/\/www.radiotime.it\/2022\/03\/20\/sanremo-2023-amadeus-sarebbe-bello-avere-al-festival-mina-e-celentano\/#breadcrumbitem"}]}]