[{"@context":"https:\/\/schema.org\/","@type":"NewsArticle","@id":"https:\/\/www.radiotime.it\/2022\/03\/23\/paolo-vallesi-festeggia-i-30-anni-di-carriera-con-ionoi\/#NewsArticle","mainEntityOfPage":"https:\/\/www.radiotime.it\/2022\/03\/23\/paolo-vallesi-festeggia-i-30-anni-di-carriera-con-ionoi\/","headline":"Paolo Vallesi\u00a0festeggia i\u00a030 anni di carriera con &#8220;IoNoi&#8221;","name":"Paolo Vallesi\u00a0festeggia i\u00a030 anni di carriera con &#8220;IoNoi&#8221;","description":"\u201cIoNoi\u201d, questo il titolo dell\u2019articolato progetto con cui\u00a0Paolo Vallesi\u00a0festeggia i\u00a030 anni di percorso artistico iniziato nel 1991 con un primo posto al Festival di Sanremo con \u201cLe persone inutili\u201d: &nbsp; *dal\u00a025 marzo\u00a0nei negozi e nei digital store saranno disponibili due nuovi album: \u201cIO\u201d, con brani inediti (https:\/\/bfan.link\/io-1) ; e \u201cNOI\u201d, con i suoi successi interpretati [&hellip;]","datePublished":"2022-03-23","dateModified":"2022-03-23","author":{"@type":"Person","@id":"https:\/\/www.radiotime.it\/author\/alessandro\/#Person","name":"Redazione","url":"https:\/\/www.radiotime.it\/author\/alessandro\/","identifier":5,"image":{"@type":"ImageObject","@id":"https:\/\/secure.gravatar.com\/avatar\/8376aa91354460349f0772b5903560ae?s=96&d=mm&r=g","url":"https:\/\/secure.gravatar.com\/avatar\/8376aa91354460349f0772b5903560ae?s=96&d=mm&r=g","height":96,"width":96}},"publisher":{"@type":"Organization","name":"RADIOTIME","logo":{"@type":"ImageObject","@id":"https:\/\/www.radiotime.it\/wp-content\/uploads\/2020\/02\/Logo_Time_1500-e1580898267395.png","url":"https:\/\/www.radiotime.it\/wp-content\/uploads\/2020\/02\/Logo_Time_1500-e1580898267395.png","width":600,"height":60}},"image":{"@type":"ImageObject","@id":"https:\/\/www.radiotime.it\/wp-content\/uploads\/2022\/03\/Paolo-Vallesi-1.jpg","url":"https:\/\/www.radiotime.it\/wp-content\/uploads\/2022\/03\/Paolo-Vallesi-1.jpg","height":394,"width":700},"url":"https:\/\/www.radiotime.it\/2022\/03\/23\/paolo-vallesi-festeggia-i-30-anni-di-carriera-con-ionoi\/","about":["musica"],"wordCount":845,"keywords":["Amara","Danti","Dolcenera","Enrico Ruggeri","Gianni Morandi","Gigi D'Alessio","I Legno","io il nuovo album di paolo vallesi","ionoi","Leonardo Pieraccioni","Marco Masini","noi il nuovo album di paolo vallesi","nuovo album paolo Vallesi"],"articleBody":"\u201cIoNoi\u201d, questo il titolo dell\u2019articolato progetto con cui\u00a0Paolo Vallesi\u00a0festeggia i\u00a030 anni di percorso artisticoiniziato nel 1991 con un primo posto al Festival di Sanremo con \u201cLe persone inutili\u201d:&nbsp;*dal\u00a025 marzo\u00a0nei negozi e nei digital store saranno disponibili due nuovi album: \u201cIO\u201d, con brani inediti (https:\/\/bfan.link\/io-1) ; e \u201cNOI\u201d, con i suoi successi interpretati con alcuni amici grandi artisti (https:\/\/bfan.link\/noi )\u00a0entrambi su etichetta\u00a0Clodio Music\/distribuzione\u00a0Believe. I due album saranno disponibili anche insieme nella versione digipack \u201cIoNoi\u201d(etichetta\u00a0Clodio Music\/distribuzione Self);&nbsp;*partir\u00e0 da\u00a0Milano il 27 aprile il tour che attraverser\u00e0 tutta Italia (a Roma il 5 maggio e a Firenze il 24 maggio, queste le prime date);&nbsp;*presto sar\u00e0 pubblicato\u00a0un\u00a0docufilm\u00a0girato al Teatro Romano di Fiesole;&nbsp;*dal 25 marzo, su App Store e su Google Play Store sar\u00e0 possibile scaricare gratuitamente la nuova\u00a0App a nome di Vallesi e dedicata ai fan, per partecipare ad iniziative esclusive, per il merchandising, vinili, biglietti per i concerti, e per tante altre opportunit\u00e0 per \u201crestare connessi\u201d con l\u2019artista (http:\/\/onelink.to\/nrgpvy)Paolo Vallesi\u201c\u00c8 il progetto pi\u00f9 complesso e anche il pi\u00f9 importante che abbia realizzato: sono stati necessari quasi due anni di lavoro perch\u00e9 non \u00e8 facile produrre due album separati e distinti ma con una logica comune. Adesso finalmente il mio sogno si avvera, sembrava irrealizzabile e invece \u00e8 diventato realt\u00e0. Non vedo l\u2019ora di presentare le canzoni dal vivo al mio pubblico, per festeggiare con loro questi 30 anni insieme\u201d.&nbsp;Il nuovo Album \u201cIO\u201d\u00e8 composto da\u00a010 nuovi brani\u00a0inediti\u00a0e viene pubblicato a cinque anni dal precedente, \u201cUn filo senza fine\u201d. \u00c8 un album che rappresenta il momento odierno del cantautore fiorentino, fatto di sonorit\u00e0 attuali, ma che mantiene l\u2019entusiasmo delle produzioni degli anni novanta per accompagnare l\u2019ascoltatore durante un lungo viaggio. Le canzoni sono state interamente scritte da Vallesi, alcune in collaborazione con il suo team abituale, tra cui\u00a0Beppe Dati\u00a0(Raf, Mia Martini, Guccini, Pausini), e prodotte dallo stesso artista insieme a Pio Stefanini. Due i brani scritti in collaborazione: \u201cBentornato\u201d, con\u00a0Amara\u00a0e\u00a0Simone Cristicchi;\u00a0e \u201cMeglio di niente\u201d, con\u00a0Pierdavide Carone. L\u2019album contiene anche \u201cCanzone d\u2019amore\u201d, il singolo uscito ad inizio anno.&nbsp;Le migliori canzoni di Paolo Vallesi \u201cNOI\u201dcontiene i\u00a0successi\u00a0di Paolo riarrangiati per l\u2019occasione e interpretati\u00a0in duetto\u00a0con alcuni dei pi\u00f9 grandi artisti italiani:\u00a0Gianni Morandi, Enrico Ruggeri, Marco Masini, Gigi D\u2019Alessio, Danti, Dolcenera, Amara, I Legno,\u00a0e\u00a0Leonardo Pieraccioni\u00a0che interpreta invece\u00a0un inedito.\u00a0&nbsp;\u201cIO, canzoni nuove, spunti e sonorit\u00e0 nuove, ho voluto realizzare un album che avesse un suono da 2022 che per\u00f2 mantenesse l\u2019entusiasmo della composizione degli anni \u201890, quando producendo un disco sapevi che sarebbe stato ascoltato per molto tempo, al contrario di oggi dove per forza di cose un album dura di meno, c\u2019\u00e8 meno tempo per ascoltarlo, spesso e volentieri si ascoltano solo i singoli e si corre il rischio di dimenticarli in fretta. La cura messa nella lavorazione di ogni minimo dettaglio pu\u00f2 sembrare oggi una cosa quasi superflua, ma insieme al mio team di produzione abbiamo provato a realizzare un album da ascoltare in un fiato dall\u2019inizio alla fine, lasciandosi trasportare in questo che per me \u00e8 un viaggio insieme alla mia musica di adesso\u201d\u00a0racconta il cantautore fiorentino\u00a0a proposito dei due album.\u00a0\u201cNOI \u00e8 invece un disco celebrativo, con un suono e produzioni molto varie e diverse tra loro. Ho immaginato di far diventare ogni brano come se fosse di chi lo ha cantato con me, spaziando dalla musica quasi \u2018classica\u2019 a quella \u2018indie\u2019 o, in qualche caso, dance ed EDM. Ne \u00e8 venuto fuori un lavoro molto vario e molto divertente, che va da\u00a0La Forza della vita\u00a0con\u00a0Gianni Morandi\u00a0a\u00a0Sempre\u00a0con\u00a0Danti\u00a0o\u00a0Le fughe annerite delle mattonelle, inedito che chiude l\u2019album insieme a\u00a0Leonardo Pieraccioni, una \u201cguasconata\u201d in tipico stile fiorentino. Non voglio non citare e, contemporaneamente ringraziare, Enrico Ruggeri, Gigi D\u2019Alessio, Marco Masini, Dolcenera, Amara, i Legno, che cos\u00ec come gli altri artisti si sono prestati, con totale disponibilit\u00e0 a questa avventura, puramente per amicizia. Non \u00e8 facile in questo mondo trovare, in modo disinteressato, tempo per gli altri; \u00e8 stata una dimostrazione di stima e di amicizia molto importante per me e sar\u00f2 loro sempre grato.\u201d&nbsp;Tracklist di \u201cIO\u201d1 Bentornato2 Canzone d\u2019amore3 Dimentica4 Tra una storia e un\u2019altra storia5 Estate 20166 Meglio di niente7 Come brina d\u2019Agosto8 Ritrovarsi ancora9 \u00c8 bastato un momento10 Giovane per sempre&nbsp;Tracklist di &#8220;NOI&#8221;1 La forza della vita con Gianni Morandi2 Le persone inutili con Enrico Ruggeri3 Non andare via con Gigi D&#8217;Alessio4 Grande con Dolcenera5 Non mi tradire con I Legno6 Il cielo di Firenze con Marco Masini7 Sempre con Danti8 Pace con Amara9 Le fughe annerite delle mattonelle (inedito) con Leonardo Pieraccioni"},{"@context":"https:\/\/schema.org\/","@type":"BreadcrumbList","itemListElement":[{"@type":"ListItem","position":1,"name":"2022","item":"https:\/\/www.radiotime.it\/2022\/#breadcrumbitem"},{"@type":"ListItem","position":2,"name":"03","item":"https:\/\/www.radiotime.it\/2022\/\/03\/#breadcrumbitem"},{"@type":"ListItem","position":3,"name":"23","item":"https:\/\/www.radiotime.it\/2022\/\/03\/\/23\/#breadcrumbitem"},{"@type":"ListItem","position":4,"name":"Paolo Vallesi\u00a0festeggia i\u00a030 anni di carriera con &#8220;IoNoi&#8221;","item":"https:\/\/www.radiotime.it\/2022\/03\/23\/paolo-vallesi-festeggia-i-30-anni-di-carriera-con-ionoi\/#breadcrumbitem"}]}]