[{"@context":"https:\/\/schema.org\/","@type":"NewsArticle","@id":"https:\/\/www.radiotime.it\/2022\/03\/24\/arisa-in-concerto-straordinario-al-teatro-lirico-di-milano\/#NewsArticle","mainEntityOfPage":"https:\/\/www.radiotime.it\/2022\/03\/24\/arisa-in-concerto-straordinario-al-teatro-lirico-di-milano\/","headline":"Arisa\u00a0in concerto straordinario\u00a0al\u00a0Teatro Lirico di Milano","name":"Arisa\u00a0in concerto straordinario\u00a0al\u00a0Teatro Lirico di Milano","description":"Arisa\u00a0in concerto straordinario\u00a0luned\u00ec 4 aprile alle ore 21.00\u00a0al\u00a0Teatro Lirico di Milano\u00a0a favore della\u00a0Fondazione Francesca Rava NPH Italia Onlus. L&#8217;evento \u00e8 patrocinato dal\u00a0Comune di Milano. Arisa\u00a0in concerto straordinario\u00a0al\u00a0Teatro Lirico di Milano Grazie al supporto del\u00a0brand Aldo Coppola, il ricavato dell&#8217;evento\u00a0sosterr\u00e0 il lavoro della Fondazione Francesca Rava in prima linea per rispondere alle richieste urgenti degli ospedali [&hellip;]","datePublished":"2022-03-24","dateModified":"2022-03-24","author":{"@type":"Person","@id":"https:\/\/www.radiotime.it\/author\/alessandro\/#Person","name":"Redazione","url":"https:\/\/www.radiotime.it\/author\/alessandro\/","identifier":5,"image":{"@type":"ImageObject","@id":"https:\/\/secure.gravatar.com\/avatar\/8376aa91354460349f0772b5903560ae?s=96&d=mm&r=g","url":"https:\/\/secure.gravatar.com\/avatar\/8376aa91354460349f0772b5903560ae?s=96&d=mm&r=g","height":96,"width":96}},"publisher":{"@type":"Organization","name":"RADIOTIME","logo":{"@type":"ImageObject","@id":"https:\/\/www.radiotime.it\/wp-content\/uploads\/2020\/02\/Logo_Time_1500-e1580898267395.png","url":"https:\/\/www.radiotime.it\/wp-content\/uploads\/2020\/02\/Logo_Time_1500-e1580898267395.png","width":600,"height":60}},"image":{"@type":"ImageObject","@id":"https:\/\/www.radiotime.it\/wp-content\/uploads\/2022\/03\/arisa-in-concerto-scaled.jpeg","url":"https:\/\/www.radiotime.it\/wp-content\/uploads\/2022\/03\/arisa-in-concerto-scaled.jpeg","height":1707,"width":2560},"url":"https:\/\/www.radiotime.it\/2022\/03\/24\/arisa-in-concerto-straordinario-al-teatro-lirico-di-milano\/","about":["musica"],"wordCount":420,"keywords":["Arisa in concerto","EMERGENZA UCRAINA","FONDAZIONE FRANCESCA RAVA"],"articleBody":"Arisa\u00a0in concerto straordinario\u00a0luned\u00ec 4 aprile alle ore 21.00\u00a0al\u00a0Teatro Lirico di Milano\u00a0a favore della\u00a0Fondazione Francesca Rava NPH Italia Onlus.L&#8217;evento \u00e8 patrocinato dal\u00a0Comune di Milano.Arisa\u00a0in concerto straordinario\u00a0al\u00a0Teatro Lirico di MilanoGrazie al supporto del\u00a0brand Aldo Coppola, il ricavato dell&#8217;evento\u00a0sosterr\u00e0 il lavoro della Fondazione Francesca Rava in prima linea per rispondere alle richieste urgenti degli ospedali in Ucraina. Il concerto ha\u00a0la media partnership di F.Nel concerto piano e voce,\u00a0Arisa\u00a0sar\u00e0 accompagnata da Giuseppe Barbera in un viaggio musicale tra i suoi successi di sempre e quelli pi\u00f9 recenti del suo ultimo disco\u00a0Ero romantica,\u00a0eseguiti dal vivo per la prima volta.Arisa\u00a0\u00e8 da anni al fianco della Fondazione Francesca Ravacome volontaria in prima linea e testimonial: con i bambini della Casa NPH in Haiti ha registrato l&#8217;intenso brano\u00a0Voce per Haiti.\u00a0E&#8217; partita per il Campus solidale nella Casa NPH in Messico e si \u00e8 recata nelle zone del Centro Italia colpite dal terremoto, dove la Fondazione ha ricostruito 8 scuole. Durante la pandemia,\u00a0Arisa\u00a0ha donato il bellissimo brano\u00a0Nucleare\u00a0a favore del Progetto Maternit\u00e0 Covid-19.Mariavittoria Rava, Presidente Fondazione Francesca Rava N.P.H. Italia Onlus:\u00a0&#8220;Sono profondamente grata ad\u00a0Arisa\u00a0per essere ancora una volta vicina alla Fondazione Francesca Rava con la sua straordinaria sensibilit\u00e0; cos\u00ec come avvenuto in Haiti, in Messico e successivamente nelle zone del Centro Italia duramente colpite dal sisma del 2016 e nell&#8217;emergenza Covid-19.\u00a0Ed oggi \u00e8 nuovamente accanto a noi, in prima linea, per sostenere il nostro impegno altrettanto urgente in difesa dei bambini colpiti dalla tragedia di questa guerra. La Fondazione Francesca Rava si \u00e8 tempestivamente attivata per rispondere concretamente alle esigenze degli ospedali ucraini e nell&#8217;accoglienza delle famiglie scappate dalla guerra. Grazie alla generosit\u00e0 di\u00a0Arisa\u00a0e a questo bellissimo evento, riusciremo ad aiutare ulteriormente gli ospedali ucraini e a continuare a salvare tante piccole vite&#8221;.&#8220;Sono davvero felice di potere contribuire nel mio piccolo ad alleviare per quanto possibile le cause di una guerra cos\u00ec spietata e insensata, dove i civili vengono bersagliati senza piet\u00e0 e a farne le spese sono spesso i bambini e le persone pi\u00f9 deboli&#8221;,afferma\u00a0Arisa: &#8220;Spero che gli ospedali possano, con il nostro contributo, salvare quanti pi\u00f9 bambini possibili e che la fondazione Rava &#8211; che ringrazio per questa grande opportunit\u00e0 &#8211; possa accogliere quante pi\u00f9 famiglie in fuga&#8221;.&nbsp;PRENOTA IL TUO BIGLIETTO:\u00a0https:\/\/www.ticketone.it\/artist\/arisa\/"},{"@context":"https:\/\/schema.org\/","@type":"BreadcrumbList","itemListElement":[{"@type":"ListItem","position":1,"name":"2022","item":"https:\/\/www.radiotime.it\/2022\/#breadcrumbitem"},{"@type":"ListItem","position":2,"name":"03","item":"https:\/\/www.radiotime.it\/2022\/\/03\/#breadcrumbitem"},{"@type":"ListItem","position":3,"name":"24","item":"https:\/\/www.radiotime.it\/2022\/\/03\/\/24\/#breadcrumbitem"},{"@type":"ListItem","position":4,"name":"Arisa\u00a0in concerto straordinario\u00a0al\u00a0Teatro Lirico di Milano","item":"https:\/\/www.radiotime.it\/2022\/03\/24\/arisa-in-concerto-straordinario-al-teatro-lirico-di-milano\/#breadcrumbitem"}]}]