[{"@context":"https:\/\/schema.org\/","@type":"NewsArticle","@id":"https:\/\/www.radiotime.it\/2022\/03\/27\/domenica-27-marzo-santo-del-giorno-ricorrenze-e-oroscopo\/#NewsArticle","mainEntityOfPage":"https:\/\/www.radiotime.it\/2022\/03\/27\/domenica-27-marzo-santo-del-giorno-ricorrenze-e-oroscopo\/","headline":"Domenica 27 marzo, santo del giorno, ricorrenze e Oroscopo","name":"Domenica 27 marzo, santo del giorno, ricorrenze e Oroscopo","description":"Santi del Giorno San Ruperto (Vescovo) Sant&#8217;Aimone di Halberstadt (Vescovo) Sant&#8217;Augusta di Serravalle (Vergine e Martire) Accadde Oggi 1899 &#8211; Prima comunicazione radiotelegrafica internazionale (122 anni fa): \u00abFin dal 1895 io ebbi la forte intuizione che le trasmissioni radiotelegrafiche sarebbero state possibili attraverso le grandi distanze\u00bb. Nati in questo giorno 1963 &#8211; Quentin Tarantino (58 [&hellip;]","datePublished":"2022-03-27","dateModified":"2022-03-26","author":{"@type":"Person","@id":"https:\/\/www.radiotime.it\/author\/alessandro\/#Person","name":"Redazione","url":"https:\/\/www.radiotime.it\/author\/alessandro\/","identifier":5,"image":{"@type":"ImageObject","@id":"https:\/\/secure.gravatar.com\/avatar\/8376aa91354460349f0772b5903560ae?s=96&d=mm&r=g","url":"https:\/\/secure.gravatar.com\/avatar\/8376aa91354460349f0772b5903560ae?s=96&d=mm&r=g","height":96,"width":96}},"publisher":{"@type":"Organization","name":"RADIOTIME","logo":{"@type":"ImageObject","@id":"https:\/\/www.radiotime.it\/wp-content\/uploads\/2020\/02\/Logo_Time_1500-e1580898267395.png","url":"https:\/\/www.radiotime.it\/wp-content\/uploads\/2020\/02\/Logo_Time_1500-e1580898267395.png","width":600,"height":60}},"image":{"@type":"ImageObject","@id":"https:\/\/www.radiotime.it\/wp-content\/uploads\/2022\/03\/San-Ruperto.gif","url":"https:\/\/www.radiotime.it\/wp-content\/uploads\/2022\/03\/San-Ruperto.gif","height":722,"width":982},"url":"https:\/\/www.radiotime.it\/2022\/03\/27\/domenica-27-marzo-santo-del-giorno-ricorrenze-e-oroscopo\/","about":["intrattenimento"],"wordCount":229,"keywords":["27 marzo 2022","27 marzo giornata mondiale","almanacco dei fatti del giorno","almanacco del giorno","almanacco oggi","buongiorno 27 marzo","oggi accadde","Oroscopo 27 marzo","oroscopo 27 marzo 2022","santa caterina di svezia","santo 27 marzo","santo del 27 marzo","santo di oggi 27 marzo 2022"],"articleBody":"Santi del GiornoSan Ruperto (Vescovo)Sant&#8217;Aimone di Halberstadt (Vescovo)Sant&#8217;Augusta di Serravalle (Vergine e Martire)Accadde Oggi1899 &#8211; Prima comunicazione radiotelegrafica internazionale (122 anni fa): \u00abFin dal 1895 io ebbi la forte intuizione che le trasmissioni radiotelegrafiche sarebbero state possibili attraverso le grandi distanze\u00bb.Nati in questo giorno1963 &#8211; Quentin Tarantino (58 anni fa): Un mago della regia e un perfezionista del set, i suoi film sono il miglior omaggio ai grandi maestri del cinema italiano.1980 &#8211; Cesare Cremonini (41 anni fa): Protagonista di primo piano del pop italiano, prima come leader dei L\u00f9napop e da quasi un ventennio come solista.1845 &#8211; Wilhelm R\u00f6ntgen (176 anni fa): Illustre fisico tedesco, il suo nome \u00e8 entrato nella storia della ricerca scientifica per la scoperta dei raggi X.1986 &#8211; Manuel Neuer (35 anni fa): Nato a Gelsenkirchen (Germania), \u00e8 un calciatore alto 193 cm, portiere del Bayern Monaco e della Nazionale tedesca.I Doodle di GoogleMies van der Rohe: L&#8217;architetto e designer tedesco fu uno dei protagonisti dell&#8217;architettura della prima met\u00e0 del Novecento e considerato un maestro del Movimento Moderno.Scomparsi oggi1968 &#8211; Jurij Gagarin (53 anni fa): Entrato nella storia come primo uomo a volare nello spazio, con lui \u00e8 nato il mito dell&#8217;astronauta.1972 &#8211; Maurits Cornelis Escher (49 anni fa): Nato a Leeuwarden (nella provincia della Frisia, nel nord dei Paesi Bassi) e vissuto per molti anni in Italia.OroscopoOroscopo di Domenica 27 Marzo 2022&nbsp;"},{"@context":"https:\/\/schema.org\/","@type":"BreadcrumbList","itemListElement":[{"@type":"ListItem","position":1,"name":"2022","item":"https:\/\/www.radiotime.it\/2022\/#breadcrumbitem"},{"@type":"ListItem","position":2,"name":"03","item":"https:\/\/www.radiotime.it\/2022\/\/03\/#breadcrumbitem"},{"@type":"ListItem","position":3,"name":"27","item":"https:\/\/www.radiotime.it\/2022\/\/03\/\/27\/#breadcrumbitem"},{"@type":"ListItem","position":4,"name":"Domenica 27 marzo, santo del giorno, ricorrenze e Oroscopo","item":"https:\/\/www.radiotime.it\/2022\/03\/27\/domenica-27-marzo-santo-del-giorno-ricorrenze-e-oroscopo\/#breadcrumbitem"}]}]