[{"@context":"https:\/\/schema.org\/","@type":"NewsArticle","@id":"https:\/\/www.radiotime.it\/2022\/04\/19\/carlo-conti-torna-in-prima-serata-su-rai1-con-the-band\/#NewsArticle","mainEntityOfPage":"https:\/\/www.radiotime.it\/2022\/04\/19\/carlo-conti-torna-in-prima-serata-su-rai1-con-the-band\/","headline":"Carlo Conti, torna in prima serata su Rai1 con &#8220;The Band&#8221;","name":"Carlo Conti, torna in prima serata su Rai1 con &#8220;The Band&#8221;","description":"Carlo Conti, da venerd\u00ec 22 aprile, torna in prima serata su Rai 1 con &#8220;The Band&#8221;. Otto &#8220;Band&#8221;, otto gruppi musicali di diversa origine si sfideranno in nome del sound, dell&#8217;energia e della grinta dei grandi concerti dal vivo. &nbsp; Ai provini si sono iscritti gruppi eterogenei: dalle tipiche rock-band a quelle che propongono pezzi [&hellip;]","datePublished":"2022-04-19","dateModified":"2022-04-19","author":{"@type":"Person","@id":"https:\/\/www.radiotime.it\/author\/alessandro\/#Person","name":"Redazione","url":"https:\/\/www.radiotime.it\/author\/alessandro\/","identifier":5,"image":{"@type":"ImageObject","@id":"https:\/\/secure.gravatar.com\/avatar\/8376aa91354460349f0772b5903560ae?s=96&d=mm&r=g","url":"https:\/\/secure.gravatar.com\/avatar\/8376aa91354460349f0772b5903560ae?s=96&d=mm&r=g","height":96,"width":96}},"publisher":{"@type":"Organization","name":"RADIOTIME","logo":{"@type":"ImageObject","@id":"https:\/\/www.radiotime.it\/wp-content\/uploads\/2020\/02\/Logo_Time_1500-e1580898267395.png","url":"https:\/\/www.radiotime.it\/wp-content\/uploads\/2020\/02\/Logo_Time_1500-e1580898267395.png","width":600,"height":60}},"image":{"@type":"ImageObject","@id":"https:\/\/www.radiotime.it\/wp-content\/uploads\/2022\/04\/carlo-conti.jpg","url":"https:\/\/www.radiotime.it\/wp-content\/uploads\/2022\/04\/carlo-conti.jpg","height":900,"width":1600},"url":"https:\/\/www.radiotime.it\/2022\/04\/19\/carlo-conti-torna-in-prima-serata-su-rai1-con-the-band\/","about":["musica","News"],"wordCount":456,"keywords":["Carlo Conti","Rai1","the band"],"articleBody":"Carlo Conti, da venerd\u00ec 22 aprile, torna in prima serata su Rai 1 con &#8220;The Band&#8221;.Otto &#8220;Band&#8221;, otto gruppi musicali di diversa origine si sfideranno in nome del sound, dell&#8217;energia e della grinta dei grandi concerti dal vivo.&nbsp;Ai provini si sono iscritti gruppi eterogenei: dalle tipiche rock-band a quelle che propongono pezzi italiani, da quelle dance a quelle rockabilly. E non ci sono stati limiti di et\u00e0 e genere: gruppi tutti al femminile, complessi di medici e infermieri che si divertono a fare musica, anche un gruppetto di ragazzini che suonano a scuola.&#8220;The Band&#8221; di Carlo Conti\u00e8 un programma vuole anche rappresentare uno stimolo per far ripartire la musica dal vivo e la voglia di suonare: \u00e8 per questo che non si svolger\u00e0 in uno studio televisivo, ma in un teatro &#8211; il &#8220;Verdi&#8221; di Montecatini Terme &#8211; per rendere al meglio il senso del live con pubblico vero. Un teatro dalla grande tradizione musicale, in cui da sempre i pi\u00f9 grandi nomi della musica propongono i loro concerti, radunando una grande platea.\u201cThe Band \u00e8 un talent in cui non si vince niente, se non la gioia di fare musica dal vivo. Per questo \u00e8 un regalo suonare al Teatro Verdi di Montecatini che ha una grande storia musicale e televisiva.\u201dCarlo ContiI gruppi in gara saranno otto e sar\u00e0 possibile conoscere le loro storie e scoprire come si prepareranno. Ciascuna band sar\u00e0 guidata da un tutor che la seguir\u00e0 anche per tutto il percorso, dando consigli e preparando i brani che dovranno eseguire.&nbsp;Ogni tutor sar\u00e0 anche giudice e voter\u00e0 le esecuzioni delle altre sette band (ovviamente non quella della Band che gli \u00e8 stata affidata).&nbsp;Gli otto tutor sono:\u00a0Giusy Ferreri, Irene Grandi, Dolcenera, Federico Zampaglione, Marco Masini, Francesco Sarcina, Rocco Tanica, Enrico Nigiotti.A giudicare le 8 band ci sar\u00e0 anche una super giuria formata da\u00a0Carlo Verdone, Gianna Nannini e Asia Argento.La parte comica \u00e8 affidata ai\u00a0Boiler:\u00a0Federico Basso e Davide Paniate.&nbsp;\u2018The Band\u2019 e\u0300 un talent con il sapore del divertimento, della voglia di fare musica, di suonare: non si vincono contratti discografici, ma il titolo di \u2018Band dell\u2019Anno\u2019.LE SEDICI BAND IN GARA NELLA PRIMA PUNTATAEmilia Romagna:\u00a0RIFLESSO\u00a0(Ferrara);\u00a0JF BAND\u00a0(Parma)Friuli:\u00a0LIVING DOLLS\u00a0(Udine)Lazio:\u00a0ACHTUNG BABIES\u00a0(Roma);\u00a0ISOLADELLEROSE\u00a0(Roma);\u00a0GEMINI\u00a0(Anagni)Lombardia:\u00a0CHERRY BOMBS\u00a0(Milano);\u00a0XELA UNPLUGGED\u00a0(Gallarate);\u00a0DAN E I SUOI FRATELLI\u00a0(Milano);\u00a0SILENT PROJECT\u00a0(Milano)Marche:\u00a0N\u2019ICE CREAM\u00a0(Venarotta, AP)Piemonte:\u00a0MONS\u00a0(Collegno, TO);\u00a0ANXIA LYTICS\u00a0(Tortona, AL)Puglia:\u00a0LA CHIAMATA D\u2019EMERGENZA\u00a0(Bari)Toscana:\u00a0ROJABLORECK\u00a0(Massa Carrara)Veneto:\u00a0KELLER BAND\u00a0(Padova)"},{"@context":"https:\/\/schema.org\/","@type":"BreadcrumbList","itemListElement":[{"@type":"ListItem","position":1,"name":"2022","item":"https:\/\/www.radiotime.it\/2022\/#breadcrumbitem"},{"@type":"ListItem","position":2,"name":"04","item":"https:\/\/www.radiotime.it\/2022\/\/04\/#breadcrumbitem"},{"@type":"ListItem","position":3,"name":"19","item":"https:\/\/www.radiotime.it\/2022\/\/04\/\/19\/#breadcrumbitem"},{"@type":"ListItem","position":4,"name":"Carlo Conti, torna in prima serata su Rai1 con &#8220;The Band&#8221;","item":"https:\/\/www.radiotime.it\/2022\/04\/19\/carlo-conti-torna-in-prima-serata-su-rai1-con-the-band\/#breadcrumbitem"}]}]