[{"@context":"https:\/\/schema.org\/","@type":"NewsArticle","@id":"https:\/\/www.radiotime.it\/2022\/04\/29\/ministero-della-salute-obbligo-delle-mascherine-al-chiuso-dal-1-maggio\/#NewsArticle","mainEntityOfPage":"https:\/\/www.radiotime.it\/2022\/04\/29\/ministero-della-salute-obbligo-delle-mascherine-al-chiuso-dal-1-maggio\/","headline":"Ministero della Salute: Obbligo delle mascherine al chiuso dal 1\u00b0 maggio","name":"Ministero della Salute: Obbligo delle mascherine al chiuso dal 1\u00b0 maggio","description":"Dopo l\u2019approvazione da parte della commissione competente della\u00a0Camera dei Deputati\u00a0del decreto \u201cfine stato di emergenza\u201d, il ministro della Salute\u00a0Roberto Speranza\u00a0ha firmato l\u2019ordinanza\u00a0che recepisce il testo dell\u2019emendamento sull\u2019utilizzo delle mascherine al chiuso, come approvato dalla commissione, rende noto il ministero. L\u2019obbligo dell\u2019utilizzo delle mascherine al chiuso\u00a0sar\u00e0 prorogato \u201cdal 1 maggio al 15 giugno 2022\u201d anche per [&hellip;]","datePublished":"2022-04-29","dateModified":"2022-04-29","author":{"@type":"Person","@id":"https:\/\/www.radiotime.it\/author\/alessandro\/#Person","name":"Redazione","url":"https:\/\/www.radiotime.it\/author\/alessandro\/","identifier":5,"image":{"@type":"ImageObject","@id":"https:\/\/secure.gravatar.com\/avatar\/8376aa91354460349f0772b5903560ae?s=96&d=mm&r=g","url":"https:\/\/secure.gravatar.com\/avatar\/8376aa91354460349f0772b5903560ae?s=96&d=mm&r=g","height":96,"width":96}},"publisher":{"@type":"Organization","name":"RADIOTIME","logo":{"@type":"ImageObject","@id":"https:\/\/www.radiotime.it\/wp-content\/uploads\/2020\/02\/Logo_Time_1500-e1580898267395.png","url":"https:\/\/www.radiotime.it\/wp-content\/uploads\/2020\/02\/Logo_Time_1500-e1580898267395.png","width":600,"height":60}},"image":{"@type":"ImageObject","@id":"https:\/\/www.radiotime.it\/wp-content\/uploads\/2022\/04\/persona-con-mascherina-696x392-1.jpg","url":"https:\/\/www.radiotime.it\/wp-content\/uploads\/2022\/04\/persona-con-mascherina-696x392-1.jpg","height":392,"width":696},"url":"https:\/\/www.radiotime.it\/2022\/04\/29\/ministero-della-salute-obbligo-delle-mascherine-al-chiuso-dal-1-maggio\/","about":["News"],"wordCount":414,"keywords":["#governo","consiglio dei ministri","covid 1 maggio","dal 1 maggio","decreto 1 maggio 2022","decreto covid","decreto covid maggio 2022","gazzetta ufficiale","green pass 1 maggio","mascherina al chiuso","mascherine","mascherine 1 maggio","mascherine a scuola","mascherine al chiuso","mascherine al chiuso 1 maggio","mascherine scuola","ministero salute","nuove regole covid","nuove regole covid dal 1 maggio","nuove regole dal 1 maggio","nuovo decreto covid","ordinanza mascherine","quotidiano sanit\u00e0","regole covid dal 1 maggio","regole dal 1 maggio","Roberto Speranza"],"articleBody":"Dopo l\u2019approvazione da parte della commissione competente della\u00a0Camera dei Deputati\u00a0del decreto \u201cfine stato di emergenza\u201d, il ministro della Salute\u00a0Roberto Speranza\u00a0ha firmato l\u2019ordinanza\u00a0che recepisce il testo dell\u2019emendamento sull\u2019utilizzo delle mascherine al chiuso, come approvato dalla commissione, rende noto il ministero.L\u2019obbligo dell\u2019utilizzo delle mascherine al chiuso\u00a0sar\u00e0 prorogato \u201cdal 1 maggio al 15 giugno 2022\u201d anche per gli\u00a0spettacoli aperti al pubblico\u00a0che si svolgono al chiuso in \u201clocali di intrattenimento\u00a0e\u00a0musica dal vivo\u00a0e in altri locali assimilati\u201d, oltre che in\u00a0sale teatrali,\u00a0sale da concerto,\u00a0sale cinematografiche, nonch\u00e9 per gli eventi e le\u00a0competizioni sportive\u00a0che si svolgono al chiuso, prevede l\u2019emendamento all\u2019ultimo\u00a0decreto Covid\u00a0di marzo approvato in Commissione alla\u00a0Camera.Ministero della Salute L\u2019ordinanza\u201c\u00c8 fatto obbligo di indossare i dispositivi di protezione delle vie respiratorie di tipo FFP2 per l\u2019accesso ai mezzi di trasporto, per gli\u00a0spettacoli aperti\u00a0al pubblico che si svolgono\u00a0al chiuso\u00a0in\u00a0sale teatrali,\u00a0sale da concerto,\u00a0sale cinematografiche,\u00a0locali di intrattenimento\u00a0e\u00a0musica dal vivo, nonch\u00e9 per gli eventi e le competizioni sportive che si svolgono al chiuso\u201d, prevede l\u2019ordinanza, firmata dal ministro Speranza,\u00a0effettiva a partire dall\u20191 maggio 2022 e \u201cfino alla data di entrata in vigore della legge di conversione del decreto-legge 24 marzo 2022, e comunque\u00a0non oltre il 15 giugno 2022\u201c. L\u2019ordinanza prevede inoltre \u201cl\u2019obbligo di indossare dispositivi di protezione delle vie respiratorie ai lavoratori, agli utenti e ai visitatori delle strutture sanitarie, socio-sanitarie e socio-assistenziali, ivi incluse le strutture di ospitalit\u00e0 e lungodegenza, le residenze sanitarie assistite (RSA), gli hospice, le strutture riabilitative, le strutture residenziali per anziani, anche non autosufficienti\u201d. \u00c8 \u201ccomunque raccomandato \u2013 si precisa \u2013 di indossare dispositivi di protezione delle vie respiratorie in tutti i luoghi al chiuso pubblici o aperti al pubblico\u201d. Non hanno l\u2019obbligo di indossare il dispositivo di protezione delle vie respiratorie: i bambini di et\u00e0 inferiore ai sei anni; le persone con patologie o disabilit\u00e0 incompatibili con l\u2019uso della mascherina, nonch\u00e9 le persone che devono comunicare con una persona con disabilit\u00e0 in modo da non poter fare uso del dispositivo; i soggetti che stanno svolgendo attivit\u00e0 sportiva. \u00c8 \u201ccomunque raccomandato di indossare dispositivi di protezione delle vie respiratorie in tutti i luoghi al chiuso pubblici o aperti al pubblico\u201d. Lo precisa l\u2019ordinanza\u00a0sulle\u00a0mascherine\u00a0firmata dal ministro della Salute Roberto Speranza."},{"@context":"https:\/\/schema.org\/","@type":"BreadcrumbList","itemListElement":[{"@type":"ListItem","position":1,"name":"2022","item":"https:\/\/www.radiotime.it\/2022\/#breadcrumbitem"},{"@type":"ListItem","position":2,"name":"04","item":"https:\/\/www.radiotime.it\/2022\/\/04\/#breadcrumbitem"},{"@type":"ListItem","position":3,"name":"29","item":"https:\/\/www.radiotime.it\/2022\/\/04\/\/29\/#breadcrumbitem"},{"@type":"ListItem","position":4,"name":"Ministero della Salute: Obbligo delle mascherine al chiuso dal 1\u00b0 maggio","item":"https:\/\/www.radiotime.it\/2022\/04\/29\/ministero-della-salute-obbligo-delle-mascherine-al-chiuso-dal-1-maggio\/#breadcrumbitem"}]}]