[{"@context":"https:\/\/schema.org\/","@type":"NewsArticle","@id":"https:\/\/www.radiotime.it\/2022\/05\/08\/buona-festa-della-mamma\/#NewsArticle","mainEntityOfPage":"https:\/\/www.radiotime.it\/2022\/05\/08\/buona-festa-della-mamma\/","headline":"Buona festa della mamma","name":"Buona festa della mamma","description":"Buona festa della mamma a chi ci ha tenuto in grembo Buona festa della mamma a chi cresce pur non avendo un legame di sangue Buona festa della mamma a chi ci diventer\u00e0 Buona festa della mamma anche a chi non c&#8217;\u00e8 pi\u00f9 Buona festa della mamma anche a chi ci spera Buona festa della [&hellip;]","datePublished":"2022-05-08","dateModified":"2023-08-11","author":{"@type":"Person","@id":"https:\/\/www.radiotime.it\/author\/staff\/#Person","name":"staff","url":"https:\/\/www.radiotime.it\/author\/staff\/","identifier":8,"image":{"@type":"ImageObject","@id":"https:\/\/secure.gravatar.com\/avatar\/8f004fcfadece6f5f68f901a61253afb?s=96&d=mm&r=g","url":"https:\/\/secure.gravatar.com\/avatar\/8f004fcfadece6f5f68f901a61253afb?s=96&d=mm&r=g","height":96,"width":96}},"publisher":{"@type":"Organization","name":"RADIOTIME","logo":{"@type":"ImageObject","@id":"https:\/\/www.radiotime.it\/wp-content\/uploads\/2020\/02\/Logo_Time_1500-e1580898267395.png","url":"https:\/\/www.radiotime.it\/wp-content\/uploads\/2020\/02\/Logo_Time_1500-e1580898267395.png","width":600,"height":60}},"image":{"@type":"ImageObject","@id":"https:\/\/www.radiotime.it\/wp-content\/uploads\/2023\/08\/festa_della_mamma-e1691751622753.jpg","url":"https:\/\/www.radiotime.it\/wp-content\/uploads\/2023\/08\/festa_della_mamma-e1691751622753.jpg","height":783,"width":1080},"url":"https:\/\/www.radiotime.it\/2022\/05\/08\/buona-festa-della-mamma\/","about":["cultura","News"],"wordCount":78,"keywords":["8 Maggio","festa","festa della mamma","poesia"],"articleBody":"Buona festa della mamma a chi ci ha tenuto in gremboBuona festa della mamma a chi cresce pur non avendo un legame di sangueBuona festa della mamma a chi ci diventer\u00e0Buona festa della mamma anche a chi non c&#8217;\u00e8 pi\u00f9Buona festa della mamma anche a chi ci speraBuona festa della mamma anche a quei pap\u00e0 che riescono a fare anche da mamma!Buona festa della mamma a tutte voi di Radio Time."},{"@context":"https:\/\/schema.org\/","@type":"BreadcrumbList","itemListElement":[{"@type":"ListItem","position":1,"name":"2022","item":"https:\/\/www.radiotime.it\/2022\/#breadcrumbitem"},{"@type":"ListItem","position":2,"name":"05","item":"https:\/\/www.radiotime.it\/2022\/\/05\/#breadcrumbitem"},{"@type":"ListItem","position":3,"name":"08","item":"https:\/\/www.radiotime.it\/2022\/\/05\/\/08\/#breadcrumbitem"},{"@type":"ListItem","position":4,"name":"Buona festa della mamma","item":"https:\/\/www.radiotime.it\/2022\/05\/08\/buona-festa-della-mamma\/#breadcrumbitem"}]}]