[{"@context":"https:\/\/schema.org\/","@type":"NewsArticle","@id":"https:\/\/www.radiotime.it\/2022\/05\/16\/franco-battiato-il-coraggio-di-essere-franco-su-rai-1-il-docufilm\/#NewsArticle","mainEntityOfPage":"https:\/\/www.radiotime.it\/2022\/05\/16\/franco-battiato-il-coraggio-di-essere-franco-su-rai-1-il-docufilm\/","headline":"Franco Battiato: &#8220;Il coraggio di essere Franco&#8221; su Rai 1 il Docufilm","name":"Franco Battiato: &#8220;Il coraggio di essere Franco&#8221; su Rai 1 il Docufilm","description":"Accompagnati dalla voce narrante di Alessandro Preziosi, il\u00a0docufilm su Franco Battiato ci condurr\u00e0 in inediti e testimonianze\u00a0riguardanti il Maestro. Il\u00a0ricordo di Franco Battiato\u00a0\u00e8 pi\u00f9 vivido che mai, soprattutto tra i catanesi e nel mondo della musica. Franco Battiato &nbsp; \u00e8 sempre stato alla costante ricerca interiore e il desiderio di affermare il suo innovativo concetto [&hellip;]","datePublished":"2022-05-16","dateModified":"2022-05-16","author":{"@type":"Person","@id":"https:\/\/www.radiotime.it\/author\/alessandro\/#Person","name":"Redazione","url":"https:\/\/www.radiotime.it\/author\/alessandro\/","identifier":5,"image":{"@type":"ImageObject","@id":"https:\/\/secure.gravatar.com\/avatar\/8376aa91354460349f0772b5903560ae?s=96&d=mm&r=g","url":"https:\/\/secure.gravatar.com\/avatar\/8376aa91354460349f0772b5903560ae?s=96&d=mm&r=g","height":96,"width":96}},"publisher":{"@type":"Organization","name":"RADIOTIME","logo":{"@type":"ImageObject","@id":"https:\/\/www.radiotime.it\/wp-content\/uploads\/2020\/02\/Logo_Time_1500-e1580898267395.png","url":"https:\/\/www.radiotime.it\/wp-content\/uploads\/2020\/02\/Logo_Time_1500-e1580898267395.png","width":600,"height":60}},"image":{"@type":"ImageObject","@id":"https:\/\/www.radiotime.it\/wp-content\/uploads\/2021\/05\/Battiato.jpg","url":"https:\/\/www.radiotime.it\/wp-content\/uploads\/2021\/05\/Battiato.jpg","height":767,"width":1198},"url":"https:\/\/www.radiotime.it\/2022\/05\/16\/franco-battiato-il-coraggio-di-essere-franco-su-rai-1-il-docufilm\/","about":["musica","News"],"wordCount":216,"keywords":["Docufilm","Franco Battiato","Il coraggio di essere Franco","Rai1"],"articleBody":"Accompagnati dalla voce narrante di Alessandro Preziosi, il\u00a0docufilm su Franco Battiato ci condurr\u00e0 in inediti e testimonianze\u00a0riguardanti il Maestro.Il\u00a0ricordo di Franco Battiato\u00a0\u00e8 pi\u00f9 vivido che mai, soprattutto tra i catanesi e nel mondo della musica.Franco Battiato&nbsp;\u00e8 sempre stato alla costante ricerca interiore e il desiderio di affermare il suo innovativo concetto di musica all&#8217;insegna della contaminazione. A un anno dalla sua morte, Franco Battiato sar\u00e0 ricordato anche dalla tv nazionale.Il 18 maggio su Rai 1 andr\u00e0 in onda &#8220;Il coraggio di essere Franco&#8221;la dedica in prima serata di Rai Documentari per il cantautore catanese. Il docufilm \u00e8 scritto e diretto da Angelo Bozzolini e prodotto da Aut Aut Production in collaborazione con Rai Documentari. Nel lungometraggio si ripercorrere vita e carriera di Franco Battiato, rivoluzionario della musica italiana e pioniere di nuovi mondi musicali.Nel docufilm vi sar\u00e0 spazio anche per la nipote del cantautore catanese con il\u00a0racconto di Cristina Battiato e per il materiale inedito degli archivi fotografici della famiglia, della Rai, della Cineteca di Bologna, della Universal Music, nonch\u00e9 alle riprese esclusive nelle case di Milano e Milo in Sicilia, oltre che nei luoghi della spiritualit\u00e0 cos\u00ec profondamente cari a Battiato.Non resta che attendere il 18 maggio e potersi godere nuovi aspetti del Maestro."},{"@context":"https:\/\/schema.org\/","@type":"BreadcrumbList","itemListElement":[{"@type":"ListItem","position":1,"name":"2022","item":"https:\/\/www.radiotime.it\/2022\/#breadcrumbitem"},{"@type":"ListItem","position":2,"name":"05","item":"https:\/\/www.radiotime.it\/2022\/\/05\/#breadcrumbitem"},{"@type":"ListItem","position":3,"name":"16","item":"https:\/\/www.radiotime.it\/2022\/\/05\/\/16\/#breadcrumbitem"},{"@type":"ListItem","position":4,"name":"Franco Battiato: &#8220;Il coraggio di essere Franco&#8221; su Rai 1 il Docufilm","item":"https:\/\/www.radiotime.it\/2022\/05\/16\/franco-battiato-il-coraggio-di-essere-franco-su-rai-1-il-docufilm\/#breadcrumbitem"}]}]