[{"@context":"https:\/\/schema.org\/","@type":"NewsArticle","@id":"https:\/\/www.radiotime.it\/2022\/05\/22\/e-ufficialmente-pace-tra-fedez-e-j-ax\/#NewsArticle","mainEntityOfPage":"https:\/\/www.radiotime.it\/2022\/05\/22\/e-ufficialmente-pace-tra-fedez-e-j-ax\/","headline":"\u00c8 ufficialmente pace tra Fedez e J-Ax","name":"\u00c8 ufficialmente pace tra Fedez e J-Ax","description":"\u00c8 ufficialmente pace tra Fedez e J-Ax. Dopo i dolci gesti degli scorsi giorni \u2013 uno scambio di dediche e tag su Instagram \u2013 i due rapper hanno confermato il loro riavvicinamento annunciando un nuovo progetto insieme. Il marito di Chiara Ferragni ha condiviso sul suo account una serie di scatti in cui abbraccia e [&hellip;]","datePublished":"2022-05-22","dateModified":"2022-05-22","author":{"@type":"Person","@id":"https:\/\/www.radiotime.it\/author\/alessandro\/#Person","name":"Redazione","url":"https:\/\/www.radiotime.it\/author\/alessandro\/","identifier":5,"image":{"@type":"ImageObject","@id":"https:\/\/secure.gravatar.com\/avatar\/8376aa91354460349f0772b5903560ae?s=96&d=mm&r=g","url":"https:\/\/secure.gravatar.com\/avatar\/8376aa91354460349f0772b5903560ae?s=96&d=mm&r=g","height":96,"width":96}},"publisher":{"@type":"Organization","name":"RADIOTIME","logo":{"@type":"ImageObject","@id":"https:\/\/www.radiotime.it\/wp-content\/uploads\/2020\/02\/Logo_Time_1500-e1580898267395.png","url":"https:\/\/www.radiotime.it\/wp-content\/uploads\/2020\/02\/Logo_Time_1500-e1580898267395.png","width":600,"height":60}},"image":{"@type":"ImageObject","@id":"https:\/\/www.radiotime.it\/wp-content\/uploads\/2022\/05\/pace-fedez-jax-1024x576-1.jpg","url":"https:\/\/www.radiotime.it\/wp-content\/uploads\/2022\/05\/pace-fedez-jax-1024x576-1.jpg","height":576,"width":1024},"url":"https:\/\/www.radiotime.it\/2022\/05\/22\/e-ufficialmente-pace-tra-fedez-e-j-ax\/","about":["News"],"wordCount":275,"keywords":["Fedez","J-Ax","Jax"],"articleBody":"\u00c8 ufficialmente pace tra Fedez e J-Ax. Dopo i dolci gesti degli scorsi giorni \u2013 uno scambio di dediche e tag su Instagram \u2013 i due rapper hanno confermato il loro riavvicinamento annunciando un nuovo progetto insieme. Il marito di Chiara Ferragni ha condiviso sul suo account una serie di scatti in cui abbraccia e bacia l\u2019amico e collega ritrovato. Stesse immagini apparse sul profilo dell\u2019ex Articolo 31.Fedez e J-Ax sui socialEd eccoci qua, con un po\u2019 di capelli bianchi in pi\u00f9, due padri, due mariti e forse un po\u2019 pi\u00f9 adulti di prima.Abbiamo imparato che \u00e8 facile lasciarsi le persone alle spalle e che invece per mettere da parte l\u2019orgoglio e tornare a riabbracciarsi anche quando ci si \u00e8 fatto del male ci vuole coraggio.In questo momento storico dove essere divisi \u00e8 normale e avere nemici \u00e8 quasi uno status symbol, archiviare le differenze e focalizzarsi sui momenti belli vissuti insieme forse \u00e8 la cosa pi\u00f9 giusta per vivere un\u2019esistenza serena.La vita \u00e8 una strana coincidenza, ci siamo rivisti il giorno in cui Federico ha scoperto di avere il tumore al pancreas dopo esserci risentiti al telefono qualche giorno prima dopo 4 anni di silenzio.Dobbiamo raccontavi una cosa, e no, non sar\u00e0 una canzone insieme.Abbiamo deciso di fare un regalo alla nostra citt\u00e0 e contemporaneamente provare a fare del bene.Domani vi raccontiamo tuttoCome dicevamo in una nostra vecchia canzone: \u201c\u00c8 solo musica cazzo lo so che non curer\u00e0 il cancro, per\u00f2 so che ha salvato me\u201dAlessandro e Federico&nbsp;Visualizza questo post su Instagram&nbsp;Un post condiviso da FEDEZ (@fedez)"},{"@context":"https:\/\/schema.org\/","@type":"BreadcrumbList","itemListElement":[{"@type":"ListItem","position":1,"name":"2022","item":"https:\/\/www.radiotime.it\/2022\/#breadcrumbitem"},{"@type":"ListItem","position":2,"name":"05","item":"https:\/\/www.radiotime.it\/2022\/\/05\/#breadcrumbitem"},{"@type":"ListItem","position":3,"name":"22","item":"https:\/\/www.radiotime.it\/2022\/\/05\/\/22\/#breadcrumbitem"},{"@type":"ListItem","position":4,"name":"\u00c8 ufficialmente pace tra Fedez e J-Ax","item":"https:\/\/www.radiotime.it\/2022\/05\/22\/e-ufficialmente-pace-tra-fedez-e-j-ax\/#breadcrumbitem"}]}]