[{"@context":"https:\/\/schema.org\/","@type":"NewsArticle","@id":"https:\/\/www.radiotime.it\/2022\/06\/05\/la-dolce-vita-il-nuovo-singolo-di-fedez-con-tananai-e-mara-sattei\/#NewsArticle","mainEntityOfPage":"https:\/\/www.radiotime.it\/2022\/06\/05\/la-dolce-vita-il-nuovo-singolo-di-fedez-con-tananai-e-mara-sattei\/","headline":"\u201cLA DOLCE VITA\u201d, il nuovo singolo di Fedez\u00a0con\u00a0TANANAI\u00a0e\u00a0Mara Sattei","name":"\u201cLA DOLCE VITA\u201d, il nuovo singolo di Fedez\u00a0con\u00a0TANANAI\u00a0e\u00a0Mara Sattei","description":"In radio e su tutte le piattaforme digitali, \u201cLA DOLCE VITA\u201d, il nuovo singolo di Fedez\u00a0con\u00a0TANANAI\u00a0e Mara Sattei. \u201cLA DOLCE VITA\u201d come si evince dal titolo stesso, conferma la cifra artistica dell\u2019estate firmata Fedez. Un cocktail coloratissimo, in cui sonorit\u00e0 twist che rimandano ai grandi successi e alla spensieratezza degli anni 60 italiani, vengono mixati [&hellip;]","datePublished":"2022-06-05","dateModified":"2022-06-05","author":{"@type":"Person","@id":"https:\/\/www.radiotime.it\/author\/alessandro\/#Person","name":"Redazione","url":"https:\/\/www.radiotime.it\/author\/alessandro\/","identifier":5,"image":{"@type":"ImageObject","@id":"https:\/\/secure.gravatar.com\/avatar\/8376aa91354460349f0772b5903560ae?s=96&d=mm&r=g","url":"https:\/\/secure.gravatar.com\/avatar\/8376aa91354460349f0772b5903560ae?s=96&d=mm&r=g","height":96,"width":96}},"publisher":{"@type":"Organization","name":"RADIOTIME","logo":{"@type":"ImageObject","@id":"https:\/\/www.radiotime.it\/wp-content\/uploads\/2020\/02\/Logo_Time_1500-e1580898267395.png","url":"https:\/\/www.radiotime.it\/wp-content\/uploads\/2020\/02\/Logo_Time_1500-e1580898267395.png","width":600,"height":60}},"image":{"@type":"ImageObject","@id":"https:\/\/www.radiotime.it\/wp-content\/uploads\/2022\/06\/la-dolce-vita_1080x1080-600x600-1.jpg","url":"https:\/\/www.radiotime.it\/wp-content\/uploads\/2022\/06\/la-dolce-vita_1080x1080-600x600-1.jpg","height":600,"width":600},"url":"https:\/\/www.radiotime.it\/2022\/06\/05\/la-dolce-vita-il-nuovo-singolo-di-fedez-con-tananai-e-mara-sattei\/","about":["musica"],"wordCount":290,"keywords":["Fedez","LA DOLCE VITA","MARA SATTEI","nuovo singolo","Tananai"],"articleBody":"In radio e su tutte le piattaforme digitali, \u201cLA DOLCE VITA\u201d, il nuovo singolo di Fedez\u00a0con\u00a0TANANAI\u00a0e Mara Sattei.\u201cLA DOLCE VITA\u201dcome si evince dal titolo stesso, conferma la cifra artistica dell\u2019estate firmata Fedez. Un cocktail coloratissimo, in cui sonorit\u00e0 twist che rimandano ai grandi successi e alla spensieratezza degli anni 60 italiani, vengono mixati con una scrittura ironica ma al tempo stesso stilosa e fresca. Le voci di\u00a0TANANAI\u00a0e\u00a0Mara Sattei\u00a0vengono sapientemente miscelate a completamento di questo pezzo, dove la contemporaneit\u00e0 incontra le suggestioni vintage. Il risultato \u00e8 ovviamente una canzone che non solo sa di mare e di sole, ma \u00e8 una vera e propria cartolina dell\u2019estate italiana.Il brano, prodotto da\u00a0d. whale, \u00e8 una gioiosa dichiarazione d\u2019amore, al grido: \u201cLa vita senza amore dimmi tu che vita \u00e8\u201d, le inevitabili concessioni a retorici romanticismi sono, per\u00f2, sostituite da una carica ironica che contraddistingue la scrittura di molti brani di Fedez.Fedez\u00a0con\u00a0TANANAI\u00a0e\u00a0Mara SatteiIl featuring di questo brano vede al fianco di\u00a0Fedez\u00a0TANANAI, giovane cantautore gi\u00e0 presente nell\u2019ultimo album DISUMANO, che, dopo aver conquistato il grande pubblico al Festival di Sanremo 2022, ha da poco concluso un tour completamente sold out nei club e ottenuto il disco di platino con \u201cSesso Occasionale\u201d e \u201cBaby Goddamn\u201d, canzone in vetta alle classifiche musicali degli ultimi mesi, e\u00a0Mara Sattei, una delle cantautrici pi\u00f9 interessanti e poliedriche del panorama musicale italiano che, a seguito di importanti collaborazioni &#8211; che le sono valse svariate certificazioni -, a gennaio 2022 ha pubblicato il suo primo album, \u201cUNIVERSO\u201d, che porter\u00e0 in estate in tour in giro per l&#8217;Italia, prima di approdare in autunno nei club."},{"@context":"https:\/\/schema.org\/","@type":"BreadcrumbList","itemListElement":[{"@type":"ListItem","position":1,"name":"2022","item":"https:\/\/www.radiotime.it\/2022\/#breadcrumbitem"},{"@type":"ListItem","position":2,"name":"06","item":"https:\/\/www.radiotime.it\/2022\/\/06\/#breadcrumbitem"},{"@type":"ListItem","position":3,"name":"05","item":"https:\/\/www.radiotime.it\/2022\/\/06\/\/05\/#breadcrumbitem"},{"@type":"ListItem","position":4,"name":"\u201cLA DOLCE VITA\u201d, il nuovo singolo di Fedez\u00a0con\u00a0TANANAI\u00a0e\u00a0Mara Sattei","item":"https:\/\/www.radiotime.it\/2022\/06\/05\/la-dolce-vita-il-nuovo-singolo-di-fedez-con-tananai-e-mara-sattei\/#breadcrumbitem"}]}]