[{"@context":"https:\/\/schema.org\/","@type":"NewsArticle","@id":"https:\/\/www.radiotime.it\/2022\/06\/09\/maturita-mascherine-obbligatorie\/#NewsArticle","mainEntityOfPage":"https:\/\/www.radiotime.it\/2022\/06\/09\/maturita-mascherine-obbligatorie\/","headline":"Maturit\u00e0: mascherine obbligatorie","name":"Maturit\u00e0: mascherine obbligatorie","description":"A scuola ancora con le FFP2 Il Tar del Lazio ha respinto il ricorso del Codacons contro l&#8217;ordinanza del Ministero della Salute in merito alla scuola. Le mascherine saranno obbligatorie in classe per gli esami di terza media e di Maturit\u00e0. Gli alunni coinvolti nelle prove di esami dovranno quindi continuare a seguire le indicazioni [&hellip;]","datePublished":"2022-06-09","dateModified":"2022-06-09","author":{"@type":"Person","@id":"https:\/\/www.radiotime.it\/author\/massimo-pisciotta\/#Person","name":"Massimo Pisciotta","url":"https:\/\/www.radiotime.it\/author\/massimo-pisciotta\/","identifier":7,"image":{"@type":"ImageObject","@id":"https:\/\/secure.gravatar.com\/avatar\/f72601718119ceb7fdac114c64228e01?s=96&d=mm&r=g","url":"https:\/\/secure.gravatar.com\/avatar\/f72601718119ceb7fdac114c64228e01?s=96&d=mm&r=g","height":96,"width":96}},"publisher":{"@type":"Organization","name":"RADIOTIME","logo":{"@type":"ImageObject","@id":"https:\/\/www.radiotime.it\/wp-content\/uploads\/2020\/02\/Logo_Time_1500-e1580898267395.png","url":"https:\/\/www.radiotime.it\/wp-content\/uploads\/2020\/02\/Logo_Time_1500-e1580898267395.png","width":600,"height":60}},"image":{"@type":"ImageObject","@id":"https:\/\/www.radiotime.it\/wp-content\/uploads\/2022\/06\/kimberly-farmer-lUaaKCUANVI-unsplash-scaled.jpg","url":"https:\/\/www.radiotime.it\/wp-content\/uploads\/2022\/06\/kimberly-farmer-lUaaKCUANVI-unsplash-scaled.jpg","height":1702,"width":2560},"url":"https:\/\/www.radiotime.it\/2022\/06\/09\/maturita-mascherine-obbligatorie\/","about":["Cronaca","News"],"wordCount":262,"keywords":["codacons","esami","ffp2","mascherine","maturit\u00e0","scuola","tardellazio"],"articleBody":"A scuola ancora con le FFP2Il Tar del Lazio ha respinto il ricorso del Codacons contro l&#8217;ordinanza del Ministero della Salute in merito alla scuola. Le mascherine saranno obbligatorie in classe per gli esami di terza media e di Maturit\u00e0. Gli alunni coinvolti nelle prove di esami dovranno quindi continuare a seguire le indicazioni rispettate durante tutto l&#8217;anno scolastico. Secondo le misure disposte dal governo permane infatti per gli studenti l&#8217;obbligo d&#8217;indossare la mascherina FFP2 all&#8217;interno delle strutture scolastiche fino al 31 agosto. Gli esami avranno inizio il prossimo 22 giugno con la prova di italiano. Il 23 giugno toccher\u00e0 cimentarsi con la seconda prova scritta, diversa per ciascun indirizzo scolastico. In totale saranno 27.319 classi coinvolte per 13.703 commissioni e 539.678 studenti.Dura la risposta del CodaconsNon c&#8217;\u00e8 voluto molto per avere una reazione ufficiale da parte del Codacons: &#8220;Il risultato di questo errore commesso dal Tar &#8211; si legge in una nota &#8211; porter\u00e0 gli studenti ad affrontare gli esami con tutti i problemi del caso acuiti dal caldo di questi giorni e dalle temperature nelle aule scolastiche&#8221;.Al seggio niente mascherineNon ci sar\u00e0 nessun obbligo ad indossare le FFP2 in vista delle Amministrative del 12 giugno. In una circolare del Viminale si legge che le mascherine sono &#8220;fortemente raccomandate&#8221; ma non strettamente necessarie per accedere ai seggi. Secondo questa nota, non ci sar\u00e0 obbligo ad indossare il presidio di sicurezza personale per chi sar\u00e0 al lavoro nei seggi ed anche per chi si recher\u00e0 a votare per eleggere il Sindaco o per esprimere la propria opinione nelle consultazioni referendarie."},{"@context":"https:\/\/schema.org\/","@type":"BreadcrumbList","itemListElement":[{"@type":"ListItem","position":1,"name":"2022","item":"https:\/\/www.radiotime.it\/2022\/#breadcrumbitem"},{"@type":"ListItem","position":2,"name":"06","item":"https:\/\/www.radiotime.it\/2022\/\/06\/#breadcrumbitem"},{"@type":"ListItem","position":3,"name":"09","item":"https:\/\/www.radiotime.it\/2022\/\/06\/\/09\/#breadcrumbitem"},{"@type":"ListItem","position":4,"name":"Maturit\u00e0: mascherine obbligatorie","item":"https:\/\/www.radiotime.it\/2022\/06\/09\/maturita-mascherine-obbligatorie\/#breadcrumbitem"}]}]