[{"@context":"https:\/\/schema.org\/","@type":"NewsArticle","@id":"https:\/\/www.radiotime.it\/2022\/06\/13\/stelle-il-nuovo-singolo-di-fabri-fibra-con-maurizio-carucci\/#NewsArticle","mainEntityOfPage":"https:\/\/www.radiotime.it\/2022\/06\/13\/stelle-il-nuovo-singolo-di-fabri-fibra-con-maurizio-carucci\/","headline":"\u201cSTELLE\u201d, il nuovo singolo di FABRI FIBRA con Maurizio Carucci","name":"\u201cSTELLE\u201d, il nuovo singolo di FABRI FIBRA con Maurizio Carucci","description":"Dopo il successo di \u201cPROPAGANDA\u201d (per settimane ai primi posti della classifica Earone) arriva in radio venerd\u00ec 17 giugno \u201cSTELLE\u201d, il nuovo singolo di FABRI FIBRA con la collaborazione di MAURIZIO CARUCCI, cantautore e frontman degli Ex-Otago, uscito da poco con il suo primo progetto solista &#8220;RESPIRO&#8221;, ora in tour in tutta Italia. FABRI FIBRA [&hellip;]","datePublished":"2022-06-13","dateModified":"2022-06-13","author":{"@type":"Person","@id":"https:\/\/www.radiotime.it\/author\/alessandro\/#Person","name":"Redazione","url":"https:\/\/www.radiotime.it\/author\/alessandro\/","identifier":5,"image":{"@type":"ImageObject","@id":"https:\/\/secure.gravatar.com\/avatar\/8376aa91354460349f0772b5903560ae?s=96&d=mm&r=g","url":"https:\/\/secure.gravatar.com\/avatar\/8376aa91354460349f0772b5903560ae?s=96&d=mm&r=g","height":96,"width":96}},"publisher":{"@type":"Organization","name":"RADIOTIME","logo":{"@type":"ImageObject","@id":"https:\/\/www.radiotime.it\/wp-content\/uploads\/2020\/02\/Logo_Time_1500-e1580898267395.png","url":"https:\/\/www.radiotime.it\/wp-content\/uploads\/2020\/02\/Logo_Time_1500-e1580898267395.png","width":600,"height":60}},"image":{"@type":"ImageObject","@id":"https:\/\/www.radiotime.it\/wp-content\/uploads\/2022\/06\/cover-digitale_caos-600x600-1.jpg","url":"https:\/\/www.radiotime.it\/wp-content\/uploads\/2022\/06\/cover-digitale_caos-600x600-1.jpg","height":600,"width":600},"url":"https:\/\/www.radiotime.it\/2022\/06\/13\/stelle-il-nuovo-singolo-di-fabri-fibra-con-maurizio-carucci\/","about":["musica"],"wordCount":1411,"keywords":["Fabri Fibra","Maurizio Carucci","nuovo singolo","Stelle"],"articleBody":"Dopo il successo di \u201cPROPAGANDA\u201d (per settimane ai primi posti della classifica Earone) arriva in radio venerd\u00ec 17 giugno \u201cSTELLE\u201d, il nuovo singolo di FABRI FIBRA con la collaborazione di MAURIZIO CARUCCI, cantautore e frontman degli Ex-Otago, uscito da poco con il suo primo progetto solista &#8220;RESPIRO&#8221;, ora in tour in tutta Italia.FABRI FIBRA racconta\u201cHo passato la mia adolescenza nella riviera Adriatica\u00a0\u2013dove le discoteche erano una tappa fissa per tutti. Il mood di questo brano\u00a0mi ricorda quegli anni passati a cercare una alternativa\u00a0a quelle discoteche,\u00a0anche se poi finivo in quei locali sognando di portare il lungomare con le palme sopra una stella.\u00a0La base di Dardust \u00e8 un mix perfetto tra musica disco e urban\u00a0e il ritornello di Maurizio Carucci\u00a0lo completa creando\u00a0la magia\u201d.Maurizio Carucci aggiunge\u201cStelle parla di uno smarrimento, di una fuga dalla citt\u00e0, dalla propria casa, dagli amori, un viaggio nell\u2019universo &#8211;\u00a0Ma anche un dialogo con noi stessi, con le nostre fragilit\u00e0. \u00c8 un inno alla nostra salute mentale, \u00e8 un invito ad accogliere i nostri smarrimenti, ad accettare il fatto che ogni tanto possiamo perdere la rotta. Dove ci ritroveremo?\u00a0In luoghi geografici ed emotivi, in mezzo ad una relazione antica, dentro di noi, magari tra i polmoni e le ginocchia\u201d.&nbsp;\u201cPROPAGANDA\u201d e \u201cSTELLE\u201d fanno parte del nuovo album di FABRI FIBRA \u201cCAOS\u201d, disco certificato Platino che \u00e8 stato stabile per 10 settimane consecutive nella Top10 della classifica italiana.\u00a0Si avvicina nel frattempo la partenza del \u201cCAOS LIVE, FESTIVAL 2022\u201d, il tour che vedr\u00e0 impegnato FIBRA durante tutta l\u2019estate e non solo. Sono infatti gi\u00e0 stati annunciati i primi appuntamenti previsti per il prossimo autunno. Tra le prime citt\u00e0 annunciate troviamo Napoli (il 1 ottobre) e Firenze (il 3 ottobre).\u00a0Questo il calendario aggiornato del tour prodotto e organizzato da Friends and Partners:6 luglio \u00a0\u00a0\u00a0\u00a0\u00a0\u00a0\u00a0\u00a0\u00a0\u00a0\u00a0 LUGANO\u00a0\u00a0\u00a0\u00a0\u00a0\u00a0\u00a0\u00a0\u00a0\u00a0\u00a0\u00a0\u00a0\u00a0\u00a0\u00a0\u00a0\u00a0\u00a0\u00a0\u00a0\u00a0\u00a0\u00a0\u00a0\u00a0\u00a0\u00a0\u00a0\u00a0\u00a0\u00a0\u00a0\u00a0\u00a0\u00a0\u00a0\u00a0\u00a0\u00a0\u00a0\u00a0\u00a0\u00a0 LAC EN PLEIN AIR FESTIVAL09 luglio\u00a0\u00a0\u00a0\u00a0\u00a0\u00a0\u00a0\u00a0 AREZZO \u00a0\u00a0\u00a0\u00a0\u00a0\u00a0\u00a0\u00a0\u00a0\u00a0\u00a0\u00a0\u00a0\u00a0\u00a0\u00a0\u00a0\u00a0\u00a0\u00a0\u00a0\u00a0\u00a0\u00a0\u00a0\u00a0\u00a0\u00a0\u00a0\u00a0\u00a0\u00a0\u00a0\u00a0\u00a0\u00a0\u00a0\u00a0\u00a0\u00a0\u00a0\u00a0\u00a0\u00a0 MENGO MUSIC FEST10 luglio\u00a0\u00a0\u00a0\u00a0\u00a0\u00a0\u00a0\u00a0 LEGNANO (MI)\u00a0\u00a0\u00a0\u00a0\u00a0\u00a0\u00a0\u00a0\u00a0\u00a0\u00a0\u00a0\u00a0\u00a0\u00a0\u00a0\u00a0\u00a0\u00a0\u00a0\u00a0\u00a0\u00a0\u00a0\u00a0\u00a0\u00a0\u00a0\u00a0\u00a0\u00a0\u00a0\u00a0\u00a0 RUGBY SOUND FESTIVAL12 luglio\u00a0\u00a0\u00a0\u00a0\u00a0\u00a0\u00a0\u00a0 PARMA\u00a0\u00a0\u00a0\u00a0\u00a0\u00a0\u00a0\u00a0\u00a0\u00a0\u00a0\u00a0\u00a0\u00a0\u00a0\u00a0\u00a0\u00a0\u00a0\u00a0\u00a0\u00a0\u00a0\u00a0\u00a0\u00a0\u00a0\u00a0\u00a0\u00a0\u00a0\u00a0\u00a0\u00a0\u00a0\u00a0\u00a0\u00a0\u00a0\u00a0\u00a0\u00a0\u00a0\u00a0\u00a0\u00a0 PARMA CITT\u00c0DELLA MUSICA16 luglio \u00a0\u00a0\u00a0\u00a0\u00a0\u00a0\u00a0\u00a0 PORDENONE\u00a0\u00a0\u00a0\u00a0\u00a0\u00a0\u00a0\u00a0\u00a0\u00a0\u00a0\u00a0\u00a0\u00a0\u00a0\u00a0\u00a0\u00a0\u00a0\u00a0\u00a0\u00a0\u00a0\u00a0\u00a0\u00a0\u00a0\u00a0\u00a0\u00a0\u00a0\u00a0\u00a0\u00a0\u00a0\u00a0\u00a0 PORDENONE LIVE 202217 luglio\u00a0\u00a0\u00a0\u00a0\u00a0\u00a0\u00a0\u00a0 BOLOGNA \u00a0\u00a0\u00a0\u00a0\u00a0\u00a0\u00a0\u00a0\u00a0\u00a0\u00a0\u00a0\u00a0\u00a0\u00a0\u00a0\u00a0 \u00a0\u00a0\u00a0\u00a0\u00a0\u00a0\u00a0\u00a0\u00a0\u00a0\u00a0\u00a0\u00a0\u00a0\u00a0\u00a0\u00a0\u00a0\u00a0\u00a0\u00a0\u00a0\u00a0 SEQUOIE MUSIC PARK22 luglio\u00a0\u00a0\u00a0\u00a0\u00a0\u00a0\u00a0\u00a0 SARZANA (SP)\u00a0\u00a0\u00a0\u00a0\u00a0\u00a0\u00a0\u00a0\u00a0\u00a0\u00a0\u00a0\u00a0\u00a0\u00a0\u00a0\u00a0\u00a0\u00a0\u00a0\u00a0\u00a0\u00a0\u00a0\u00a0\u00a0\u00a0\u00a0\u00a0\u00a0\u00a0\u00a0\u00a0\u00a0\u00a0 MOONLAND FESTIVAL23 luglio\u00a0\u00a0\u00a0\u00a0\u00a0\u00a0\u00a0\u00a0 ROMANO D\u2019EZZELINO (VI) \u00a0\u00a0\u00a0\u00a0\u00a0\u00a0\u00a0\u00a0\u00a0\u00a0\u00a0\u00a0\u00a0\u00a0\u00a0 AMA FESTIVAL26 luglio\u00a0\u00a0\u00a0\u00a0\u00a0\u00a0\u00a0\u00a0 IGEA MARINA (RN)\u00a0\u00a0\u00a0\u00a0\u00a0\u00a0\u00a0\u00a0\u00a0\u00a0\u00a0\u00a0\u00a0\u00a0\u00a0\u00a0\u00a0\u00a0\u00a0\u00a0\u00a0\u00a0\u00a0\u00a0\u00a0\u00a0\u00a0 OLTREaMARE27 luglio\u00a0\u00a0\u00a0\u00a0\u00a0\u00a0\u00a0\u00a0 CASTIGLIONCELLO (LI)\u00a0\u00a0\u00a0\u00a0\u00a0\u00a0\u00a0\u00a0\u00a0\u00a0\u00a0\u00a0\u00a0\u00a0\u00a0\u00a0\u00a0\u00a0\u00a0\u00a0\u00a0\u00a0 \u00a0\u00a0\u00a0\u00a0\u00a0\u00a0\u00a0\u00a0\u00a0\u00a0\u00a0 CASTIGLIONCELLO FESTIVAL29 luglio \u00a0\u00a0\u00a0\u00a0\u00a0\u00a0\u00a0\u00a0 MOLFETTA (BA)\u00a0\u00a0\u00a0\u00a0\u00a0\u00a0\u00a0\u00a0\u00a0\u00a0\u00a0\u00a0\u00a0\u00a0\u00a0\u00a0\u00a0\u00a0\u00a0\u00a0\u00a0\u00a0\u00a0\u00a0\u00a0\u00a0\u00a0\u00a0\u00a0\u00a0\u00a0\u00a0 LUCE MUSIC FESTIVAL30 luglio\u00a0\u00a0\u00a0\u00a0\u00a0\u00a0\u00a0\u00a0 LECCE \u00a0\u00a0\u00a0\u00a0\u00a0\u00a0\u00a0\u00a0\u00a0\u00a0\u00a0\u00a0\u00a0\u00a0\u00a0\u00a0\u00a0\u00a0\u00a0\u00a0\u00a0\u00a0\u00a0\u00a0\u00a0\u00a0\u00a0\u00a0\u00a0\u00a0\u00a0\u00a0\u00a0\u00a0\u00a0\u00a0\u00a0\u00a0\u00a0\u00a0\u00a0\u00a0\u00a0\u00a0\u00a0\u00a0\u00a0 OVERSOUND MUSIC FESTIVAL01 agosto \u00a0\u00a0\u00a0\u00a0\u00a0\u00a0 ROCCELLA IONICA (RC)\u00a0\u00a0\u00a0\u00a0\u00a0\u00a0\u00a0\u00a0\u00a0\u00a0\u00a0\u00a0\u00a0\u00a0\u00a0\u00a0\u00a0\u00a0\u00a0\u00a0\u00a0 ROCCELLA IONICA SUMMER FESTIVAL03 agosto\u00a0\u00a0\u00a0\u00a0\u00a0\u00a0 CATANIA \u00a0\u00a0\u00a0\u00a0\u00a0\u00a0\u00a0\u00a0\u00a0\u00a0\u00a0\u00a0\u00a0\u00a0\u00a0\u00a0\u00a0\u00a0\u00a0\u00a0\u00a0\u00a0\u00a0\u00a0\u00a0\u00a0\u00a0\u00a0\u00a0\u00a0\u00a0\u00a0\u00a0\u00a0\u00a0\u00a0\u00a0\u00a0\u00a0\u00a0\u00a0\u00a0 SOTTO IL VULCANO FESTIVAL15 agosto\u00a0\u00a0\u00a0\u00a0\u00a0\u00a0 OLBIA\u00a0\u00a0\u00a0\u00a0\u00a0\u00a0\u00a0\u00a0\u00a0\u00a0\u00a0\u00a0\u00a0\u00a0\u00a0\u00a0\u00a0\u00a0\u00a0\u00a0\u00a0\u00a0\u00a0\u00a0\u00a0\u00a0\u00a0\u00a0\u00a0\u00a0\u00a0\u00a0\u00a0\u00a0\u00a0\u00a0\u00a0\u00a0\u00a0\u00a0\u00a0\u00a0\u00a0\u00a0\u00a0\u00a0\u00a0\u00a0 RED VALLEY FESTIVAL16 agosto\u00a0\u00a0\u00a0\u00a0 \u00a0\u00a0 \u00a0ALGHERO \u00a0\u00a0\u00a0\u00a0\u00a0\u00a0\u00a0\u00a0\u00a0\u00a0\u00a0\u00a0\u00a0\u00a0\u00a0\u00a0\u00a0\u00a0\u00a0\u00a0\u00a0\u00a0\u00a0\u00a0\u00a0\u00a0\u00a0\u00a0\u00a0\u00a0\u00a0\u00a0\u00a0\u00a0\u00a0\u00a0\u00a0\u00a0\u00a0\u00a0 Alguer Summer Festival10 settembre TORINO MONCALIERI \u00a0\u00a0\u00a0\u00a0\u00a0\u00a0\u00a0\u00a0\u00a0\u00a0\u00a0\u00a0\u00a0\u00a0\u00a0\u00a0\u00a0\u00a0\u00a0\u00a0\u00a0\u00a0 \u00a0\u00a0\u00a0\u00a0\u00a0\u00a0\u00a0\u00a0\u00a0\u00a0\u00a0 RITMIKA FESTIVAL11 settembre GENOVA\u00a0\u00a0\u00a0\u00a0\u00a0\u00a0\u00a0\u00a0\u00a0\u00a0\u00a0\u00a0\u00a0\u00a0\u00a0\u00a0\u00a0\u00a0\u00a0\u00a0\u00a0\u00a0\u00a0\u00a0\u00a0\u00a0\u00a0\u00a0\u00a0\u00a0\u00a0\u00a0\u00a0\u00a0\u00a0\u00a0\u00a0\u00a0\u00a0\u00a0\u00a0\u00a0\u00a0\u00a0 GOA BOA23 settembre MILANO\u00a0\u00a0\u00a0\u00a0\u00a0\u00a0\u00a0\u00a0\u00a0 \u00a0\u00a0\u00a0\u00a0\u00a0\u00a0\u00a0\u00a0\u00a0\u00a0\u00a0\u00a0\u00a0\u00a0\u00a0\u00a0\u00a0\u00a0\u00a0\u00a0\u00a0\u00a0\u00a0\u00a0\u00a0\u00a0\u00a0\u00a0\u00a0\u00a0\u00a0\u00a0\u00a0\u00a0 CARROPONTE26 settembre ROMA\u00a0\u00a0\u00a0\u00a0\u00a0\u00a0\u00a0\u00a0\u00a0\u00a0\u00a0\u00a0\u00a0\u00a0\u00a0\u00a0\u00a0\u00a0\u00a0\u00a0\u00a0\u00a0\u00a0\u00a0\u00a0\u00a0\u00a0\u00a0\u00a0\u00a0\u00a0\u00a0\u00a0\u00a0\u00a0\u00a0\u00a0\u00a0\u00a0\u00a0\u00a0\u00a0\u00a0\u00a0\u00a0\u00a0\u00a0 CAVEA01 ottobre\u00a0\u00a0\u00a0\u00a0\u00a0 NAPOLI\u00a0\u00a0\u00a0\u00a0\u00a0\u00a0\u00a0\u00a0\u00a0\u00a0\u00a0\u00a0\u00a0\u00a0\u00a0\u00a0\u00a0\u00a0\u00a0\u00a0\u00a0\u00a0\u00a0\u00a0\u00a0\u00a0\u00a0\u00a0\u00a0\u00a0\u00a0\u00a0\u00a0\u00a0\u00a0\u00a0\u00a0\u00a0\u00a0\u00a0\u00a0\u00a0\u00a0\u00a0\u00a0\u00a0 PALAPARTENOPE03 ottobre\u00a0\u00a0\u00a0\u00a0\u00a0 FIRENZE\u00a0\u00a0\u00a0\u00a0\u00a0\u00a0\u00a0\u00a0\u00a0\u00a0\u00a0\u00a0\u00a0\u00a0\u00a0\u00a0\u00a0\u00a0\u00a0\u00a0\u00a0 \u00a0\u00a0\u00a0\u00a0\u00a0\u00a0\u00a0\u00a0\u00a0\u00a0\u00a0\u00a0\u00a0\u00a0\u00a0\u00a0\u00a0\u00a0\u00a0\u00a0\u00a0\u00a0\u00a0 TUSCANY HALL\u00a0I biglietti per le date del tour sono disponibili in prevendita su www.ticketone.it e nei punti vendita abituali. Per info: www.friendsandpartners.it"},{"@context":"https:\/\/schema.org\/","@type":"BreadcrumbList","itemListElement":[{"@type":"ListItem","position":1,"name":"2022","item":"https:\/\/www.radiotime.it\/2022\/#breadcrumbitem"},{"@type":"ListItem","position":2,"name":"06","item":"https:\/\/www.radiotime.it\/2022\/\/06\/#breadcrumbitem"},{"@type":"ListItem","position":3,"name":"13","item":"https:\/\/www.radiotime.it\/2022\/\/06\/\/13\/#breadcrumbitem"},{"@type":"ListItem","position":4,"name":"\u201cSTELLE\u201d, il nuovo singolo di FABRI FIBRA con Maurizio Carucci","item":"https:\/\/www.radiotime.it\/2022\/06\/13\/stelle-il-nuovo-singolo-di-fabri-fibra-con-maurizio-carucci\/#breadcrumbitem"}]}]