[{"@context":"https:\/\/schema.org\/","@type":"NewsArticle","@id":"https:\/\/www.radiotime.it\/2022\/06\/16\/lamorgese-caos-seggi-e-colpa-della-regione-siciliana\/#NewsArticle","mainEntityOfPage":"https:\/\/www.radiotime.it\/2022\/06\/16\/lamorgese-caos-seggi-e-colpa-della-regione-siciliana\/","headline":"Lamorgese: &#8220;Caos seggi \u00e8 colpa della Regione Siciliana&#8221;","name":"Lamorgese: &#8220;Caos seggi \u00e8 colpa della Regione Siciliana&#8221;","description":"Tutta colpa del Governo Musumeci A quattro giorni dal voto palermitano il ministro Lamorgese ha detto la sua sul caos seggi per le Amministrative. \u201cIn materia elettorale in Sicilia il procedimento \u00e8 di competenza esclusiva della Regione &#8211; ha precisato il Ministro &#8211; non \u00e8 prevista la possibilit\u00e0 di intervento da parte del ministero dell\u2019Interno\u201d. [&hellip;]","datePublished":"2022-06-16","dateModified":"2022-06-16","author":{"@type":"Person","@id":"https:\/\/www.radiotime.it\/author\/massimo-pisciotta\/#Person","name":"Massimo Pisciotta","url":"https:\/\/www.radiotime.it\/author\/massimo-pisciotta\/","identifier":7,"image":{"@type":"ImageObject","@id":"https:\/\/secure.gravatar.com\/avatar\/f72601718119ceb7fdac114c64228e01?s=96&d=mm&r=g","url":"https:\/\/secure.gravatar.com\/avatar\/f72601718119ceb7fdac114c64228e01?s=96&d=mm&r=g","height":96,"width":96}},"publisher":{"@type":"Organization","name":"RADIOTIME","logo":{"@type":"ImageObject","@id":"https:\/\/www.radiotime.it\/wp-content\/uploads\/2020\/02\/Logo_Time_1500-e1580898267395.png","url":"https:\/\/www.radiotime.it\/wp-content\/uploads\/2020\/02\/Logo_Time_1500-e1580898267395.png","width":600,"height":60}},"image":{"@type":"ImageObject","@id":"https:\/\/www.radiotime.it\/wp-content\/uploads\/2022\/06\/pexels-element-digital-1550337-scaled.jpg","url":"https:\/\/www.radiotime.it\/wp-content\/uploads\/2022\/06\/pexels-element-digital-1550337-scaled.jpg","height":1707,"width":2560},"url":"https:\/\/www.radiotime.it\/2022\/06\/16\/lamorgese-caos-seggi-e-colpa-della-regione-siciliana\/","about":["Cronaca","News","Politica@Time"],"wordCount":280,"keywords":["#nellomusumeci","AMMINISTRATIVE","elezioni","lamorgese","Musumeci","regione siciliana","seggi","Sicilia"],"articleBody":"Tutta colpa del Governo MusumeciA quattro giorni dal voto palermitano il ministro Lamorgese ha detto la sua sul caos seggi per le Amministrative. \u201cIn materia elettorale in Sicilia il procedimento \u00e8 di competenza esclusiva della Regione &#8211; ha precisato il Ministro &#8211; non \u00e8 prevista la possibilit\u00e0 di intervento da parte del ministero dell\u2019Interno\u201d. Frase ben precisa, che non presta il fianco ad alcun tipo di interpretazione, che indica in Nello Musumeci ed il suo Governo Regionale il vero responsabile del disastro registrato nei seggi lo scorso 12 giugno. Stando a quanto detto dalla Lamorgese, soltanto la macchina organizzativa regionale sarebbe potuta intervenire per risolvere prontamente il problema. Le avvisaglie c&#8217;erano tutte: le prime defezioni sono arrivate gi\u00e0 al venerd\u00ec. Non era necessario attendere fino alle 14 della domenica per rendere tutti i seggi accessibili. Il diritto al voto di parecchi palermitani, secondo la Lamorgese, sarebbe stato leso in maniera inequivocabile.Le accuse rimandate al mittenteNon \u00e8 mancata la replica da parte del Presidente della Regione Siciliana. Nello Musumeci, con il garbo che lo distingue, ha precisato i ruoli che hanno determinato il caos delle Amministrative. \u201cDispiace contraddire il ministro dell\u2019Interno &#8211; ha detto Musumeci &#8211; ma la Regione Siciliana, pur avendo competenza legislativa esclusiva in materia elettorale degli Enti locali, non ha il potere di sostituirsi alle Corti d\u2019appello o ai Comuni per la surroga dei presidenti di seggio dimissionari. Diversamente lo avrebbe fatto, con immediatezza, al sorgere delle prime defezioni\u201d. La polemica non \u00e8 andata oltre ma resta la tensione. L&#8217;avvicinarsi delle Regionali senza una conferma da parte della coalizione di destra di Musumeci come candidato \u00e8 un tema che tiene banco nel dibattito politico."},{"@context":"https:\/\/schema.org\/","@type":"BreadcrumbList","itemListElement":[{"@type":"ListItem","position":1,"name":"2022","item":"https:\/\/www.radiotime.it\/2022\/#breadcrumbitem"},{"@type":"ListItem","position":2,"name":"06","item":"https:\/\/www.radiotime.it\/2022\/\/06\/#breadcrumbitem"},{"@type":"ListItem","position":3,"name":"16","item":"https:\/\/www.radiotime.it\/2022\/\/06\/\/16\/#breadcrumbitem"},{"@type":"ListItem","position":4,"name":"Lamorgese: &#8220;Caos seggi \u00e8 colpa della Regione Siciliana&#8221;","item":"https:\/\/www.radiotime.it\/2022\/06\/16\/lamorgese-caos-seggi-e-colpa-della-regione-siciliana\/#breadcrumbitem"}]}]