[{"@context":"https:\/\/schema.org\/","@type":"NewsArticle","@id":"https:\/\/www.radiotime.it\/2022\/06\/23\/causa-effetto-il-nuovo-singolo-di-giusy-ferreri\/#NewsArticle","mainEntityOfPage":"https:\/\/www.radiotime.it\/2022\/06\/23\/causa-effetto-il-nuovo-singolo-di-giusy-ferreri\/","headline":"\u201cCausa Effetto\u201d,\u00a0il nuovo singolo di Giusy Ferreri","name":"\u201cCausa Effetto\u201d,\u00a0il nuovo singolo di Giusy Ferreri","description":"Da venerd\u00ec 24 giugno sar\u00e0 in radio \u201cCAUSA EFFETTO\u201d,\u00a0il nuovo singolo di GIUSY FERRERI estratto dall\u2019album \u201cCORTOMETRAGGI\u201d il sesto album in studio dell\u2019artista, uscito a 5 anni di distanza dal precedente \u201cGirotondo\u201d (2017). \u00abCon le mie mani nude a toccare le onde in un giorno d\u2019estate continuo a sentirti come il canto di una balena [&hellip;]","datePublished":"2022-06-23","dateModified":"2022-06-23","author":{"@type":"Person","@id":"https:\/\/www.radiotime.it\/author\/alessandro\/#Person","name":"Redazione","url":"https:\/\/www.radiotime.it\/author\/alessandro\/","identifier":5,"image":{"@type":"ImageObject","@id":"https:\/\/secure.gravatar.com\/avatar\/8376aa91354460349f0772b5903560ae?s=96&d=mm&r=g","url":"https:\/\/secure.gravatar.com\/avatar\/8376aa91354460349f0772b5903560ae?s=96&d=mm&r=g","height":96,"width":96}},"publisher":{"@type":"Organization","name":"RADIOTIME","logo":{"@type":"ImageObject","@id":"https:\/\/www.radiotime.it\/wp-content\/uploads\/2020\/02\/Logo_Time_1500-e1580898267395.png","url":"https:\/\/www.radiotime.it\/wp-content\/uploads\/2020\/02\/Logo_Time_1500-e1580898267395.png","width":600,"height":60}},"image":{"@type":"ImageObject","@id":"https:\/\/www.radiotime.it\/wp-content\/uploads\/2022\/03\/GIUSYFERRERI_cortometraggi_cover_b.jpg","url":"https:\/\/www.radiotime.it\/wp-content\/uploads\/2022\/03\/GIUSYFERRERI_cortometraggi_cover_b.jpg","height":1800,"width":1800},"url":"https:\/\/www.radiotime.it\/2022\/06\/23\/causa-effetto-il-nuovo-singolo-di-giusy-ferreri\/","about":["musica"],"wordCount":488,"keywords":["Causa Effetto","CORTOMETRAGGI","CORTOMETRAGGI LIVE","Giusy Ferreri","nuovo singolo"],"articleBody":"Da venerd\u00ec 24 giugno sar\u00e0 in radio \u201cCAUSA EFFETTO\u201d,\u00a0il nuovo singolo di GIUSY FERRERI estratto dall\u2019album \u201cCORTOMETRAGGI\u201dil sesto album in studio dell\u2019artista, uscito a 5 anni di distanza dal precedente \u201cGirotondo\u201d (2017).\u00abCon le mie mani nude a toccare le onde in un giorno d\u2019estatecontinuo a sentirticome il canto di una balena nel marema la notte mi vuoi e mi vuole per come mi immagini tuio mi sento diversa non ho una risposta la causa e l\u2019effetto sei tu\u00bbIl singolo, una potente rock ballad in cui emerge perfettamente la voce graffiante di Giusy,\u00a0\u00e8 stato scritto da Bungaro, Cesare Chiodo e Matteo Valicelli, ed \u00e8 il brano che accompagner\u00e0 l\u2019estateFino a fine agosto, Giusy sar\u00e0 in tour in tutta Italia con \u201cCORTOMETRAGGI LIVE\u201d, per presentare live il suo ultimo album in studio, \u201cCortometraggi\u201d, per poi tornare dal vivo in teatro questo autunno, a partire dalle due anteprime il 1\u00b0 ottobre al Parco della Musica di Roma\u00a0(Sala Sinopoli)\u00a0e il 3 ottobre al Teatro dal Verme di Milano.Partito con grande successo da BLEGNY (Belgio) il tour estivo ha gi\u00e0 toccato VITULANO e LOCARNO e proseguir\u00e0 tutta l\u2019estate in varie localit\u00e0 italiane.Queste le prossime date annunciate, prodotte e organizzate da Friends &amp; Partners:01 luglio \u2013 CESENATICO (FC) \u2013 NOTTE ROSA \u2013 PIAZZA ANDREA COSTA (ingresso gratuito)31 luglio \u2013 BADIA POLESINE (RO) \u2013 PIAZZA DELLA CHIESA8 agosto \u2013 BICCARI (FG) \u2013 PIAZZA G. MATTEOTTI (ingresso gratuito) \u2013 NUOVA DATA11 agosto \u2013 PALLAGORIO (KR) \u2013 CAMPO SPORTIVO (ingresso gratuito) \u2013 NUOVA DATA14 agosto \u2013 GIULIANOVA (TE) \u2013 PIAZZA DEL MARE (ingresso gratuito)26 agosto \u2013 CELANO (AQ) \u2013 PIAZZA IV NOVEMBRE (ingresso gratuito)Giusy Ferreri sar\u00e0 accompagnata sul palco dalla sua\u00a0band\u00a0composta da\u00a0Andrea Polidori\u00a0(batteria),\u00a0Fabiano Pagnozzi\u00a0(pianoforte e synth),\u00a0Fabrizio Bicio Leo\u00a0(chitarre),\u00a0Gabriele Cannarozzo\u00a0(basso e moog) e\u00a0Mattia Boschi\u00a0(violoncello e chitarra).I biglietti sono disponibili in prevendita\u00a0https:\/\/www.ticketone.it\/artist\/giusy-ferreri\/. Info su\u00a0www.friendsandpartners.it.Dal suo clamoroso esordio del 2008 ad oggi, Giusy Ferreri ha collezionato risultati unici e straordinari costruendo una carriera di traguardi e record, tra hit radiofoniche,\u00a01 disco di diamante e 18 dischi di platino.Sono innumerevoli i brani che negli anni hanno mostrato l\u2019incredibile capacit\u00e0 della Ferreri di interpretare generi e stili pi\u00f9 disparati, spaziando dal rock al pop, dal blues alla world music,\u00a0tra cui, solo per citarne alcuni,\u00a0\u201cNon ti scordar mai di me\u201d, \u201cNovembre\u201d, \u201cIl Mare Immenso\u201d, \u201cTi Porto A Cena Con Me\u201d, \u201cPartiti Adesso\u201d, \u201cVolevo Te\u201d.Una vita segnata da grandi successi e importanti collaborazioni con alcuni dei nomi pi\u00f9 rilevanti del panorama italiano quali Tiziano Ferro, Nicola Piovani, Marco Masini, Michele Canova, Sergio Cammariere, Takagi &amp; Ketra, Corrado Rustici, Federico Zampaglione, Bungaro e molti altri, e con Linda Perry autrice internazionale."},{"@context":"https:\/\/schema.org\/","@type":"BreadcrumbList","itemListElement":[{"@type":"ListItem","position":1,"name":"2022","item":"https:\/\/www.radiotime.it\/2022\/#breadcrumbitem"},{"@type":"ListItem","position":2,"name":"06","item":"https:\/\/www.radiotime.it\/2022\/\/06\/#breadcrumbitem"},{"@type":"ListItem","position":3,"name":"23","item":"https:\/\/www.radiotime.it\/2022\/\/06\/\/23\/#breadcrumbitem"},{"@type":"ListItem","position":4,"name":"\u201cCausa Effetto\u201d,\u00a0il nuovo singolo di Giusy Ferreri","item":"https:\/\/www.radiotime.it\/2022\/06\/23\/causa-effetto-il-nuovo-singolo-di-giusy-ferreri\/#breadcrumbitem"}]}]