[{"@context":"https:\/\/schema.org\/","@type":"NewsArticle","@id":"https:\/\/www.radiotime.it\/2022\/06\/23\/scissione-m5s-cio-che-succedera-in-vista-delle-primarie\/#NewsArticle","mainEntityOfPage":"https:\/\/www.radiotime.it\/2022\/06\/23\/scissione-m5s-cio-che-succedera-in-vista-delle-primarie\/","headline":"Scissione M5S: ci\u00f2 che succeder\u00e0 in vista delle primarie","name":"Scissione M5S: ci\u00f2 che succeder\u00e0 in vista delle primarie","description":"di Davide Venza Nasce il gruppo Insieme per il Futuro Sembrava ormai scontato, ma ora ne abbiamo avuto la conferma: Luigi Di Maio lascia il Movimento 5 Stelle. Dopo gli ultimi attriti con Giuseppe Conte, riguardanti la posizione da prendere nel caso Russia-Ucraina, l&#8217;ex capo del M5S, insieme ad altri 61 deputati, da vita a [&hellip;]","datePublished":"2022-06-23","dateModified":"2022-06-23","author":{"@type":"Person","@id":"https:\/\/www.radiotime.it\/author\/staff\/#Person","name":"staff","url":"https:\/\/www.radiotime.it\/author\/staff\/","identifier":8,"image":{"@type":"ImageObject","@id":"https:\/\/secure.gravatar.com\/avatar\/8f004fcfadece6f5f68f901a61253afb?s=96&d=mm&r=g","url":"https:\/\/secure.gravatar.com\/avatar\/8f004fcfadece6f5f68f901a61253afb?s=96&d=mm&r=g","height":96,"width":96}},"publisher":{"@type":"Organization","name":"RADIOTIME","logo":{"@type":"ImageObject","@id":"https:\/\/www.radiotime.it\/wp-content\/uploads\/2020\/02\/Logo_Time_1500-e1580898267395.png","url":"https:\/\/www.radiotime.it\/wp-content\/uploads\/2020\/02\/Logo_Time_1500-e1580898267395.png","width":600,"height":60}},"image":{"@type":"ImageObject","@id":"https:\/\/www.radiotime.it\/wp-content\/uploads\/2022\/06\/Luigi_Di_Maio_2021_cropped.jpg.webp","url":"https:\/\/www.radiotime.it\/wp-content\/uploads\/2022\/06\/Luigi_Di_Maio_2021_cropped.jpg.webp","height":299,"width":224},"url":"https:\/\/www.radiotime.it\/2022\/06\/23\/scissione-m5s-cio-che-succedera-in-vista-delle-primarie\/","about":["Cronaca","News","Politica@Time"],"wordCount":401,"keywords":["Di Maio","m5s","Movimento Cinque Stelle"],"articleBody":"di Davide VenzaNasce il gruppo Insieme per il FuturoSembrava ormai scontato, ma ora ne abbiamo avuto la conferma: Luigi Di Maio lascia il Movimento 5 Stelle. Dopo gli ultimi attriti con Giuseppe Conte, riguardanti la posizione da prendere nel caso Russia-Ucraina, l&#8217;ex capo del M5S, insieme ad altri 61 deputati, da vita a un nuovo gruppo politico che prende il nome di &#8220;Insieme per il Futuro&#8221;. Una scelta forte quella di Luigi Di Maio, il quale ha commentato cos\u00ec:&#8221; Quella di oggi \u00e8 una scelta sofferta che mai avrei immaginavo di dover fare. Oggi io e tanti colleghi lasciamo\u00a0il Movimento 5 stelle. Grazie al Movimento per quello che mi ha dato, ma credo anche di avere ricambiato. Da domani non sar\u00e0 pi\u00f9 prima forza in Parlamento\u201d.Primarie in Sicilia: la scadenza per la presentazione delle candidature \u00e8 fissata per il 30 giugnoPer la prima volta in assoluto Pd, Movimento 5 stelle, Centopassi, Articolo 1, Europa Verde, Sinistra Italiana e Psi sceglieranno il candidato unitario alle elezioni per la presidenza della Regione. Si voter\u00e0 sia sulla piattaforma Sky Vote e nei 30 gazebo sparsi per la Sicilia. Fino a qualche ora fa la piattaforma non era ancora online, tanto meno le regole per consentire a tesserati e simpatizzanti di iscriversi e votare alle primarie di coalizione che dovrebbero celebrarsi il prossimo 23 luglio. Nonostante i problemi tecnici sulla piattaforma Skyvote possano essere risolti gi\u00e0 in giornata l\u2019implosione del Movimento 5Stelle adesso spaventa e non poco gli alleati.Le primarie, per il momento restano in piedi. Ma la scissione tra Giuseppe Conte e Luigi Di Maio, con il seguito di dieci parlamentari nazionali eletti nell\u2019Isola che hanno detto addio al Movimento seguendo il ministro degli Esteri, preoccupa moltissimo.Di Paola minimizza: &#8220;Tsunami non ne vedo&#8221;A commentare la separazione tra Luigi Di Maio e il Movimento 5 Stelle ci ha pensato Nuccio Di Paola, referente cinquestellato per la Sicilia:&#8221; Nessuno dei 15 deputati regionali seguir\u00e0 Di Maio. Le manovre di palazzo non ci interessano, qui siamo tutti concentrati a lavorare per le primarie e per dare alla Sicilia un governo che finalmente lavori proficuamente per dare risposte concrete ai bisogni dei siciliani che da Musumeci hanno ascoltato solo chiacchiere e vuoti proclami. Domani da lui ci aspettiamo l&#8217;ennesimo annuncio a cui non crede pi\u00f9 nessuno&#8221;. Di seguito, l&#8217;intervista che ha rilasciato questa mattina per Radio Time.\t\t\t\t\t\t\t\t\t\t\tTM Intervista Nuccio Di Paola 23-06-20223\t\t\t{\"type\":\"audio\",\"tracklist\":true,\"tracknumbers\":true,\"images\":true,\"artists\":true,\"tracks\":[{\"src\":\"https:\\\/\\\/www.radiotime.it\\\/wp-content\\\/uploads\\\/2022\\\/06\\\/TM-Intervista-Nuccio-Di-Paola-23-06-20223.mp3\",\"type\":\"audio\\\/mpeg\",\"title\":\"TM Intervista Nuccio Di Paola 23-06-20223\",\"caption\":\"\",\"description\":\"\\\"TM Intervista Nuccio Di Paola 23-06-20223\\\". Rilasciato il: 2022.\",\"meta\":{\"year\":\"2022\",\"length_formatted\":\"7:53\"},\"image\":{\"src\":\"https:\\\/\\\/www.radiotime.it\\\/wp-includes\\\/images\\\/media\\\/audio.png\",\"width\":48,\"height\":64},\"thumb\":{\"src\":\"https:\\\/\\\/www.radiotime.it\\\/wp-includes\\\/images\\\/media\\\/audio.png\",\"width\":48,\"height\":64}}]}\t"},{"@context":"https:\/\/schema.org\/","@type":"BreadcrumbList","itemListElement":[{"@type":"ListItem","position":1,"name":"2022","item":"https:\/\/www.radiotime.it\/2022\/#breadcrumbitem"},{"@type":"ListItem","position":2,"name":"06","item":"https:\/\/www.radiotime.it\/2022\/\/06\/#breadcrumbitem"},{"@type":"ListItem","position":3,"name":"23","item":"https:\/\/www.radiotime.it\/2022\/\/06\/\/23\/#breadcrumbitem"},{"@type":"ListItem","position":4,"name":"Scissione M5S: ci\u00f2 che succeder\u00e0 in vista delle primarie","item":"https:\/\/www.radiotime.it\/2022\/06\/23\/scissione-m5s-cio-che-succedera-in-vista-delle-primarie\/#breadcrumbitem"}]}]