[{"@context":"https:\/\/schema.org\/","@type":"NewsArticle","@id":"https:\/\/www.radiotime.it\/2022\/07\/01\/ce-la-firma-palermo-al-city-group\/#NewsArticle","mainEntityOfPage":"https:\/\/www.radiotime.it\/2022\/07\/01\/ce-la-firma-palermo-al-city-group\/","headline":"C&#8217;\u00e8 la firma: Palermo al City Group","name":"C&#8217;\u00e8 la firma: Palermo al City Group","description":"La presentazione luned\u00ec allo Stadio \u00c8 tempo di gioire per i tifosi del Palermo. L&#8217;accordo \u00e8 ufficiale: il Palermo F.C. passa al City Group che da oggi ne detiene l&#8217;80% delle quote. In molti, per scaramanzia, non hanno voluto credere ai rumors che nelle ultime giornate erano diventati boatos. Adesso \u00e8 tutto vero ed anche [&hellip;]","datePublished":"2022-07-01","dateModified":"2022-07-01","author":{"@type":"Person","@id":"https:\/\/www.radiotime.it\/author\/massimo-pisciotta\/#Person","name":"Massimo Pisciotta","url":"https:\/\/www.radiotime.it\/author\/massimo-pisciotta\/","identifier":7,"image":{"@type":"ImageObject","@id":"https:\/\/secure.gravatar.com\/avatar\/f72601718119ceb7fdac114c64228e01?s=96&d=mm&r=g","url":"https:\/\/secure.gravatar.com\/avatar\/f72601718119ceb7fdac114c64228e01?s=96&d=mm&r=g","height":96,"width":96}},"publisher":{"@type":"Organization","name":"RADIOTIME","logo":{"@type":"ImageObject","@id":"https:\/\/www.radiotime.it\/wp-content\/uploads\/2020\/02\/Logo_Time_1500-e1580898267395.png","url":"https:\/\/www.radiotime.it\/wp-content\/uploads\/2020\/02\/Logo_Time_1500-e1580898267395.png","width":600,"height":60}},"image":{"@type":"ImageObject","@id":"https:\/\/www.radiotime.it\/wp-content\/uploads\/2022\/06\/Stadio_Renzo_Barbera_01-03-2015-scaled.jpg","url":"https:\/\/www.radiotime.it\/wp-content\/uploads\/2022\/06\/Stadio_Renzo_Barbera_01-03-2015-scaled.jpg","height":1440,"width":2560},"url":"https:\/\/www.radiotime.it\/2022\/07\/01\/ce-la-firma-palermo-al-city-group\/","about":["Cronaca","News","Sport"],"wordCount":326,"keywords":["calcio","City Group","dariomirri","mansur","Palermo Fc","rosanero","siamoaquile"],"articleBody":"La presentazione luned\u00ec allo Stadio\u00c8 tempo di gioire per i tifosi del Palermo. L&#8217;accordo \u00e8 ufficiale: il Palermo F.C. passa al City Group che da oggi ne detiene l&#8217;80% delle quote. In molti, per scaramanzia, non hanno voluto credere ai rumors che nelle ultime giornate erano diventati boatos. Adesso \u00e8 tutto vero ed anche i pi\u00f9 timorosi posso parlare dei sogni di gloria rosanero al futuro e non pi\u00f9 al condizionale. Nella mattina del primo luglio sono state apposte le firme necessarie a sancire ogni accordo tra Dario Mirri ed il gruppo City Group. I termini dell&#8217;accordo stesso non sono stati resi noti in maniera completa ma lo saranno luned\u00ec alle 11. \u00c8 in programma per questa data infatti, allo stadio Renzo Barbera, una conferenza stampa di presentazione del progetto.I numeri della holding di MansurCity Football Group \u00e8 una holding nata con lo scopo di creare una rete di club calcistici connessi tra loro. La punta di diamante del progetto \u00e8 il Manchester City. Stando alle recenti stime, la holding che fa capo a Mansur sarebbe in grado di fatturare 600 milioni di euro in un anno. Cifra importante ma comunque ridicola se paragonata al patrimonio personale proprio di Mansur che si ritiene possa superare i 38 miliardi di dollari. Sono diversi e tutti importanti i progetti calcistici portati avanti da City Group. In ogni caso non sono mai mancati gli investimenti ed i risultati sul campo e fuori. \u00c8 lecito immaginare nel futuro prossimo del Palermo F.C. un veloce ritorno in Serie A e una scossa alla costruzione del centro sportivo fortemente voluto da Dario Mirri. Proprio lui, criticato prima e osannato dopo, rester\u00e0 a capo della squadra rosanero con il suo rimanente 20%. \u00c8 stato l&#8217;artefice della rinascita del Club e della cavalcata trionfale fino alla serie cadetta. Dario Mirri merita a pieno titolo che il suo nome rimanga impresso nella mente dei tifosi come quello di un vero salvatore."},{"@context":"https:\/\/schema.org\/","@type":"BreadcrumbList","itemListElement":[{"@type":"ListItem","position":1,"name":"2022","item":"https:\/\/www.radiotime.it\/2022\/#breadcrumbitem"},{"@type":"ListItem","position":2,"name":"07","item":"https:\/\/www.radiotime.it\/2022\/\/07\/#breadcrumbitem"},{"@type":"ListItem","position":3,"name":"01","item":"https:\/\/www.radiotime.it\/2022\/\/07\/\/01\/#breadcrumbitem"},{"@type":"ListItem","position":4,"name":"C&#8217;\u00e8 la firma: Palermo al City Group","item":"https:\/\/www.radiotime.it\/2022\/07\/01\/ce-la-firma-palermo-al-city-group\/#breadcrumbitem"}]}]