[{"@context":"https:\/\/schema.org\/","@type":"NewsArticle","@id":"https:\/\/www.radiotime.it\/2022\/07\/13\/palermo-fissate-le-prime-due-amichevoli\/#NewsArticle","mainEntityOfPage":"https:\/\/www.radiotime.it\/2022\/07\/13\/palermo-fissate-le-prime-due-amichevoli\/","headline":"Palermo: fissate le prime due amichevoli","name":"Palermo: fissate le prime due amichevoli","description":"di Davide Venza Si parte domenica: il primo test a Marineo Inizia il ritiro, iniziano anche i primi veri test per i rosanero di mister Baldini. Domenica 17 luglio alle 18.30 si disputer\u00e0 la prima amichevole della stagione del Palermo: l&#8217;avversaria sar\u00e0 ASD Oratorio SS Ciro e Giorgio. La sfida andr\u00e0 in scena presso il [&hellip;]","datePublished":"2022-07-13","dateModified":"2022-07-13","author":{"@type":"Person","@id":"https:\/\/www.radiotime.it\/author\/staff\/#Person","name":"staff","url":"https:\/\/www.radiotime.it\/author\/staff\/","identifier":8,"image":{"@type":"ImageObject","@id":"https:\/\/secure.gravatar.com\/avatar\/8f004fcfadece6f5f68f901a61253afb?s=96&d=mm&r=g","url":"https:\/\/secure.gravatar.com\/avatar\/8f004fcfadece6f5f68f901a61253afb?s=96&d=mm&r=g","height":96,"width":96}},"publisher":{"@type":"Organization","name":"RADIOTIME","logo":{"@type":"ImageObject","@id":"https:\/\/www.radiotime.it\/wp-content\/uploads\/2020\/02\/Logo_Time_1500-e1580898267395.png","url":"https:\/\/www.radiotime.it\/wp-content\/uploads\/2020\/02\/Logo_Time_1500-e1580898267395.png","width":600,"height":60}},"image":{"@type":"ImageObject","@id":"https:\/\/www.radiotime.it\/wp-content\/uploads\/2022\/07\/DC12F399-3347-4FFC-A317-13A1BF5316EB.jpeg","url":"https:\/\/www.radiotime.it\/wp-content\/uploads\/2022\/07\/DC12F399-3347-4FFC-A317-13A1BF5316EB.jpeg","height":1066,"width":1600},"url":"https:\/\/www.radiotime.it\/2022\/07\/13\/palermo-fissate-le-prime-due-amichevoli\/","about":["News","Sport"],"wordCount":299,"keywords":["calcio","Palermo Calcio","ritiro","serie b","SPORT"],"articleBody":"di Davide VenzaSi parte domenica: il primo test a MarineoInizia il ritiro, iniziano anche i primi veri test per i rosanero di mister Baldini. Domenica 17 luglio alle 18.30 si disputer\u00e0 la prima amichevole della stagione del Palermo: l&#8217;avversaria sar\u00e0 ASD Oratorio SS Ciro e Giorgio. La sfida andr\u00e0 in scena presso il campo comunale di Marineo e servir\u00e0 ad avere un primo feedback sul lavoro messo in pratica da Silvio Baldini in questi primi giorni di ritiro estivo. ASD Oratorio SS Ciro e Giorgio nella prossima stagione militer\u00e0 nel campionato siciliano di Eccellenza Girone A e, come anticipato dall&#8217;allenatore dei rosanero, questo primo test, se pur leggero, sar\u00e0 importante per riprendere confidenza col rettangolo di gioco.Il 21 luglio si alza l&#8217;asticella: il Palermo incontra il PisaLa sfida di domenica sar\u00e0, come annunciato da Baldini in conferenza stampa, la prima di tre amichevoli estive. Ad attendere il Palermo il 21 luglio sar\u00e0 il Pisa di Rolando Maran: per l&#8217;occasione la squadra viagger\u00e0 fino Rovetta, sede del ritiro del nerazzurri. Fin da subito una prova complicata, che servir\u00e0 a mettersi a paragone con una squadra forte e ben organizzata. Circa un mese fa, infatti, la squadra dell&#8217;ex rosanero Lorenzo Lucca, ha sfiorato l&#8217;impresa della promozione in Serie A, perdendo in finale playoff contro il Monza. Al termine della partita col Pisa, i rosanero non faranno rientro in citt\u00e0. Il giorno dopo Baldini e i ragazzi prenderanno un aereo direzione Manchester. Infatti\u00a0 il Palermo svolger\u00e0 qualche giorno di allenamento nel centro sportivo del Manchester City, in attesa di conoscere l&#8217;avversario della terza amichevole che sicuramente si disputer\u00e0 prima del 31 luglio. I citizen, impegnati in una tourn\u00e8e negli USA torneranno in Inghilterra solamente giorno 25, ma non \u00e8 esclusa qualche partitella o un allenamento congiunto."},{"@context":"https:\/\/schema.org\/","@type":"BreadcrumbList","itemListElement":[{"@type":"ListItem","position":1,"name":"2022","item":"https:\/\/www.radiotime.it\/2022\/#breadcrumbitem"},{"@type":"ListItem","position":2,"name":"07","item":"https:\/\/www.radiotime.it\/2022\/\/07\/#breadcrumbitem"},{"@type":"ListItem","position":3,"name":"13","item":"https:\/\/www.radiotime.it\/2022\/\/07\/\/13\/#breadcrumbitem"},{"@type":"ListItem","position":4,"name":"Palermo: fissate le prime due amichevoli","item":"https:\/\/www.radiotime.it\/2022\/07\/13\/palermo-fissate-le-prime-due-amichevoli\/#breadcrumbitem"}]}]