[{"@context":"https:\/\/schema.org\/","@type":"NewsArticle","@id":"https:\/\/www.radiotime.it\/2022\/07\/14\/cade-il-governo-il-premier-mario-draghi-annuncia-le-sue-dimissioni\/#NewsArticle","mainEntityOfPage":"https:\/\/www.radiotime.it\/2022\/07\/14\/cade-il-governo-il-premier-mario-draghi-annuncia-le-sue-dimissioni\/","headline":"Cade il Governo: il premier Mario Draghi annuncia le sue dimissioni","name":"Cade il Governo: il premier Mario Draghi annuncia le sue dimissioni","description":"di Ivan Trigona &#8211; Tanto tuon\u00f2 che piovve!! &#8220;E&#8217; venuto meno il patto di fiducia su cui si reggeva il governo&#8221; cos\u00ec Mario Draghi, il primo ministro in carica del governo italiano, nel tardo pomeriggio di oggi aveva annunciato le proprie dimissioni per la decisione del M5S di non votare la fiducia al decreto Aiuti. [&hellip;]","datePublished":"2022-07-14","dateModified":"2022-07-14","author":{"@type":"Person","@id":"https:\/\/www.radiotime.it\/author\/massimo-pisciotta\/#Person","name":"Massimo Pisciotta","url":"https:\/\/www.radiotime.it\/author\/massimo-pisciotta\/","identifier":7,"image":{"@type":"ImageObject","@id":"https:\/\/secure.gravatar.com\/avatar\/f72601718119ceb7fdac114c64228e01?s=96&d=mm&r=g","url":"https:\/\/secure.gravatar.com\/avatar\/f72601718119ceb7fdac114c64228e01?s=96&d=mm&r=g","height":96,"width":96}},"publisher":{"@type":"Organization","name":"RADIOTIME","logo":{"@type":"ImageObject","@id":"https:\/\/www.radiotime.it\/wp-content\/uploads\/2020\/02\/Logo_Time_1500-e1580898267395.png","url":"https:\/\/www.radiotime.it\/wp-content\/uploads\/2020\/02\/Logo_Time_1500-e1580898267395.png","width":600,"height":60}},"image":{"@type":"ImageObject","@id":"https:\/\/www.radiotime.it\/wp-content\/uploads\/2021\/06\/Mario-Draghi.jpg","url":"https:\/\/www.radiotime.it\/wp-content\/uploads\/2021\/06\/Mario-Draghi.jpg","height":1463,"width":1200},"url":"https:\/\/www.radiotime.it\/2022\/07\/14\/cade-il-governo-il-premier-mario-draghi-annuncia-le-sue-dimissioni\/","about":["Cronaca","News"],"wordCount":198,"articleBody":"di Ivan Trigona &#8211;Tanto tuon\u00f2 che piovve!! &#8220;E&#8217; venuto meno il patto di fiducia su cui si reggeva il governo&#8221; cos\u00ec Mario Draghi, il primo ministro in carica del governo italiano, nel tardo pomeriggio di oggi aveva annunciato le proprie dimissioni per la decisione del M5S di non votare la fiducia al decreto Aiuti. Puntuale, per\u00f2, \u00e8 successivamente arrivato il provvedimento del Presidente della Repubblica Mattarella che al momento ha respinto le dimissioni invitando il premier a &#8220;presentarsi al Parlamento per rendere comunicazioni affinch\u00e9 si effettui, nella sede propria, una valutazione della situazione che si \u00e8 determinata a seguito degli esiti della seduta svoltasi oggi presso il Senato della Repubblica&#8221;.In pratica tutto \u00e8 cambiato per nulla cambiare, ma intanto numerose e variegate sono state le reazioni espresse da tutte le forze politiche nazionali oltre che dai governi esteri. La sensazione \u00e8 che la politica &#8220;nostrana&#8221; tenter\u00e0 di ricompattarsi per permettere al Governo di portare a termine la legislatura in un momento storico abbastanza complesso che presupporrebbe una maggiore stabilit\u00e0. Fondamentale sar\u00e0, in ogni caso, cercare di capire come si porr\u00e0 il leader dei pentastellati Giuseppe Conte, ormai fortemente osteggiato dai rappresentanti dei maggiori schieramenti politici italiani."},{"@context":"https:\/\/schema.org\/","@type":"BreadcrumbList","itemListElement":[{"@type":"ListItem","position":1,"name":"2022","item":"https:\/\/www.radiotime.it\/2022\/#breadcrumbitem"},{"@type":"ListItem","position":2,"name":"07","item":"https:\/\/www.radiotime.it\/2022\/\/07\/#breadcrumbitem"},{"@type":"ListItem","position":3,"name":"14","item":"https:\/\/www.radiotime.it\/2022\/\/07\/\/14\/#breadcrumbitem"},{"@type":"ListItem","position":4,"name":"Cade il Governo: il premier Mario Draghi annuncia le sue dimissioni","item":"https:\/\/www.radiotime.it\/2022\/07\/14\/cade-il-governo-il-premier-mario-draghi-annuncia-le-sue-dimissioni\/#breadcrumbitem"}]}]