[{"@context":"https:\/\/schema.org\/","@type":"NewsArticle","@id":"https:\/\/www.radiotime.it\/2022\/08\/09\/venditti-e-de-gregori-al-velodromo-di-palermo-concerto-si-fara\/#NewsArticle","mainEntityOfPage":"https:\/\/www.radiotime.it\/2022\/08\/09\/venditti-e-de-gregori-al-velodromo-di-palermo-concerto-si-fara\/","headline":"Venditti e De Gregori al Velodromo di Palermo: \u201cConcerto si far\u00e0\u201d","name":"Venditti e De Gregori al Velodromo di Palermo: \u201cConcerto si far\u00e0\u201d","description":"Venditti e De Gregori: Il tavolo tecnico ha fissato gli obiettivi per permettere alla citt\u00e0 di ospitare l\u2019evento al Velodromo Paolo Borsellino di Palermo. \u201cDalla riunione di ieri sono venuti fuori elementi chiari che permettono di predisporre la fase finale che porter\u00e0 alla realizzazione del concerto di Antonello Venditti &amp; Francesco De Gregori al Velodromo [&hellip;]","datePublished":"2022-08-09","dateModified":"2022-08-09","author":{"@type":"Person","@id":"https:\/\/www.radiotime.it\/author\/alessandro\/#Person","name":"Redazione","url":"https:\/\/www.radiotime.it\/author\/alessandro\/","identifier":5,"image":{"@type":"ImageObject","@id":"https:\/\/secure.gravatar.com\/avatar\/8376aa91354460349f0772b5903560ae?s=96&d=mm&r=g","url":"https:\/\/secure.gravatar.com\/avatar\/8376aa91354460349f0772b5903560ae?s=96&d=mm&r=g","height":96,"width":96}},"publisher":{"@type":"Organization","name":"RADIOTIME","logo":{"@type":"ImageObject","@id":"https:\/\/www.radiotime.it\/wp-content\/uploads\/2020\/02\/Logo_Time_1500-e1580898267395.png","url":"https:\/\/www.radiotime.it\/wp-content\/uploads\/2020\/02\/Logo_Time_1500-e1580898267395.png","width":600,"height":60}},"image":{"@type":"ImageObject","@id":"https:\/\/www.radiotime.it\/wp-content\/uploads\/2022\/08\/Venditti-De-Gregori.png","url":"https:\/\/www.radiotime.it\/wp-content\/uploads\/2022\/08\/Venditti-De-Gregori.png","height":582,"width":825},"url":"https:\/\/www.radiotime.it\/2022\/08\/09\/venditti-e-de-gregori-al-velodromo-di-palermo-concerto-si-fara\/","about":["musica","News"],"wordCount":240,"keywords":["concerti in Sicilia","Giuseppe Rapisarda","Venditti e De Gregori"],"articleBody":"Venditti e De Gregori: Il tavolo tecnico ha fissato gli obiettivi per permettere alla citt\u00e0 di ospitare l\u2019evento al Velodromo Paolo Borsellino di Palermo.\u201cDalla riunione di ieri sono venuti fuori elementi chiari che permettono di predisporre la fase finale che porter\u00e0 alla realizzazione del concerto di Antonello Venditti &amp; Francesco De Gregori al Velodromo di Palermo\u201d.Con queste parole il promoter Giuseppe Rapisarda commenta gli esiti dell\u2019incontro tra le parti tecniche e politiche tenutosi ieri a Palazzo delle Aquile a Palermo.\u201cI tecnici &#8211; continua Rapisarda &#8211; hanno individuato gli ultimi passaggi e noi abbiamo dato la nostra disponibilit\u00e0 per realizzare l\u2019evento. \u00c8 necessario, per\u00f2, che tutte le parti lavorino in sinergia per permettere alla citt\u00e0 di poter ospitare un evento musicale atteso da molto tempo. Noi siamo ottimisti e faremo la nostra parte\u201d.La struttura, come si ricorder\u00e0, \u00e8 stata oggetto di lavori di riqualificazione che sono terminati in attesa della posa del prato che avverr\u00e0 a settembre. Il percorso individuato \u00e8 quello della concessione temporanea alla societ\u00e0 organizzatrice che si dovr\u00e0 munire delle licenze e delle autorizzazioni dei vari enti preposti.\u201cDopo la riunione di ieri &#8211; conclude Rapisarda &#8211; sono stati fugati tutti i dubbi e adesso l\u2019organizzazione del concerto \u00e8 certezza anche perch\u00e9 il sindaco Roberto Lagalla, l\u2019assessore al Turismo Sabrina Figuccia, tutta la giunta e gli uffici preposti hanno espresso la chiara volont\u00e0 di ospitare l\u2019evento in citt\u00e0\u201d."},{"@context":"https:\/\/schema.org\/","@type":"BreadcrumbList","itemListElement":[{"@type":"ListItem","position":1,"name":"2022","item":"https:\/\/www.radiotime.it\/2022\/#breadcrumbitem"},{"@type":"ListItem","position":2,"name":"08","item":"https:\/\/www.radiotime.it\/2022\/\/08\/#breadcrumbitem"},{"@type":"ListItem","position":3,"name":"09","item":"https:\/\/www.radiotime.it\/2022\/\/08\/\/09\/#breadcrumbitem"},{"@type":"ListItem","position":4,"name":"Venditti e De Gregori al Velodromo di Palermo: \u201cConcerto si far\u00e0\u201d","item":"https:\/\/www.radiotime.it\/2022\/08\/09\/venditti-e-de-gregori-al-velodromo-di-palermo-concerto-si-fara\/#breadcrumbitem"}]}]