[{"@context":"https:\/\/schema.org\/","@type":"NewsArticle","@id":"https:\/\/www.radiotime.it\/2022\/09\/16\/si-ritira-roger-federer-la-laver-cup-sara-il-suo-ultimo-torneo\/#NewsArticle","mainEntityOfPage":"https:\/\/www.radiotime.it\/2022\/09\/16\/si-ritira-roger-federer-la-laver-cup-sara-il-suo-ultimo-torneo\/","headline":"Si ritira Roger Federer: la Laver Cup sar\u00e0 il suo ultimo torneo","name":"Si ritira Roger Federer: la Laver Cup sar\u00e0 il suo ultimo torneo","description":"di Davide Venza Roger Federer: la fine di un&#8217;era dominata dallo svizzero Sembravamo vicini a un ritorno sul campo di Roger Federer in un torneo ATP: voci parlavano di un&#8217;iscrizione al 250 di Basilea in programma a fine ottobre. Ma, nella giornata di ieri, \u00e8 arrivata la notizia pi\u00f9 inaspettata di tutte: a 41 anni [&hellip;]","datePublished":"2022-09-16","dateModified":"2022-09-16","author":{"@type":"Person","@id":"https:\/\/www.radiotime.it\/author\/staff\/#Person","name":"staff","url":"https:\/\/www.radiotime.it\/author\/staff\/","identifier":8,"image":{"@type":"ImageObject","@id":"https:\/\/secure.gravatar.com\/avatar\/8f004fcfadece6f5f68f901a61253afb?s=96&d=mm&r=g","url":"https:\/\/secure.gravatar.com\/avatar\/8f004fcfadece6f5f68f901a61253afb?s=96&d=mm&r=g","height":96,"width":96}},"publisher":{"@type":"Organization","name":"RADIOTIME","logo":{"@type":"ImageObject","@id":"https:\/\/www.radiotime.it\/wp-content\/uploads\/2020\/02\/Logo_Time_1500-e1580898267395.png","url":"https:\/\/www.radiotime.it\/wp-content\/uploads\/2020\/02\/Logo_Time_1500-e1580898267395.png","width":600,"height":60}},"image":{"@type":"ImageObject","@id":"https:\/\/www.radiotime.it\/wp-content\/uploads\/2020\/05\/tennis-3552164_1920-1.jpg","url":"https:\/\/www.radiotime.it\/wp-content\/uploads\/2020\/05\/tennis-3552164_1920-1.jpg","height":1342,"width":1920},"url":"https:\/\/www.radiotime.it\/2022\/09\/16\/si-ritira-roger-federer-la-laver-cup-sara-il-suo-ultimo-torneo\/","about":["News","Sport"],"wordCount":305,"articleBody":"di Davide VenzaRoger Federer: la fine di un&#8217;era dominata dallo svizzeroSembravamo vicini a un ritorno sul campo di Roger Federer in un torneo ATP: voci parlavano di un&#8217;iscrizione al 250 di Basilea in programma a fine ottobre. Ma, nella giornata di ieri, \u00e8 arrivata la notizia pi\u00f9 inaspettata di tutte: a 41 anni Roger Federer ha deciso di terminare la sua carriera. Era fermo da un anno e mezzo per i soliti problemi al ginocchio, e di recente si \u00e8 anche sottoposto alla terza operazione chirurgica. Con una lettera che fa trasparire tutta la tristezza di un ritiro forzato da una condizione fisica precaria, il fuoriclasse svizzero ha annunciato che la Laver Cup sar\u00e0 il suo ultimo torneo. Una notizia difficile da mandare gi\u00f9, non solo per i fan di Federer, ma per tutti gli amanti del tennis. Un mix di eleganza, tecnica e personalit\u00e0, hanno reso il Re del tennis uno dei personaggi pi\u00f9 amati e sostenuti nella storia dello sport. 24 anni di carriera, pi\u00f9 di 1500 partite, 103 titoli ATP e ben 20 slam nel suo palmares. Roger Federer \u00e8 storia dello sport, e il 15 settembre non sar\u00e0 ricordato come un giorno qualunque. Il messaggio \u00e8 arrivato su Instagram, con una foto e un audio: &#8220;Devo riconoscere che \u00e8 arrivato il momento di mettere fine alla mia carriera. La Laver Cup della prossima settimana sar\u00e0 il mio ultimo torneo. Come sapete, gli ultimi tre anni mi hanno presentato delle sfide sotto forma di infortuni e operazioni. Ho lavorato tanto per ritornare a una forma completamente competitiva. Ma conosco anche limite le capacit\u00e0 del mio corpo e il suo messaggio \u00e8 chiaro. Ho 41 anni. Il tennis mi ha trattato pi\u00f9 generosamente di quanto io potessi immaginare, ma ora \u00e8 arrivato il momento di capire di dire basta e terminare la mia carriera da professionista&#8221;.&nbsp;"},{"@context":"https:\/\/schema.org\/","@type":"BreadcrumbList","itemListElement":[{"@type":"ListItem","position":1,"name":"2022","item":"https:\/\/www.radiotime.it\/2022\/#breadcrumbitem"},{"@type":"ListItem","position":2,"name":"09","item":"https:\/\/www.radiotime.it\/2022\/\/09\/#breadcrumbitem"},{"@type":"ListItem","position":3,"name":"16","item":"https:\/\/www.radiotime.it\/2022\/\/09\/\/16\/#breadcrumbitem"},{"@type":"ListItem","position":4,"name":"Si ritira Roger Federer: la Laver Cup sar\u00e0 il suo ultimo torneo","item":"https:\/\/www.radiotime.it\/2022\/09\/16\/si-ritira-roger-federer-la-laver-cup-sara-il-suo-ultimo-torneo\/#breadcrumbitem"}]}]