[{"@context":"https:\/\/schema.org\/","@type":"NewsArticle","@id":"https:\/\/www.radiotime.it\/2022\/09\/27\/verdena-tornano-in-radio-con-chaise-longue\/#NewsArticle","mainEntityOfPage":"https:\/\/www.radiotime.it\/2022\/09\/27\/verdena-tornano-in-radio-con-chaise-longue\/","headline":"VERDENA tornano in radio con &#8220;Chaise Longue&#8221;","name":"VERDENA tornano in radio con &#8220;Chaise Longue&#8221;","description":"I Verdena pubblicano oggi, luned\u00ec 19 settembre, \u201cChaise Longue\u201d, la traccia che apre il nuovo\u00a0 album \u201cVolevo Magia\u201d, in uscita venerd\u00ec 23 settembre. La canzone &#8211; disponibile in streaming e digital download https:\/\/capitol.lnk.to\/volevomagia \u00e8 anche su YouTube con un \u201ccamera car &amp; lyrics\u201d VERDENA tornano in radio con &#8220;Chaise Longue&#8221; Il disco &#8211; in pre-order [&hellip;]","datePublished":"2022-09-27","dateModified":"2022-09-27","author":{"@type":"Person","@id":"https:\/\/www.radiotime.it\/author\/alessandro\/#Person","name":"Redazione","url":"https:\/\/www.radiotime.it\/author\/alessandro\/","identifier":5,"image":{"@type":"ImageObject","@id":"https:\/\/secure.gravatar.com\/avatar\/8376aa91354460349f0772b5903560ae?s=96&d=mm&r=g","url":"https:\/\/secure.gravatar.com\/avatar\/8376aa91354460349f0772b5903560ae?s=96&d=mm&r=g","height":96,"width":96}},"publisher":{"@type":"Organization","name":"RADIOTIME","logo":{"@type":"ImageObject","@id":"https:\/\/www.radiotime.it\/wp-content\/uploads\/2020\/02\/Logo_Time_1500-e1580898267395.png","url":"https:\/\/www.radiotime.it\/wp-content\/uploads\/2020\/02\/Logo_Time_1500-e1580898267395.png","width":600,"height":60}},"image":{"@type":"ImageObject","@id":"https:\/\/www.radiotime.it\/wp-content\/uploads\/2022\/09\/verdena_volevomagia_cover-600x600-1.jpg","url":"https:\/\/www.radiotime.it\/wp-content\/uploads\/2022\/09\/verdena_volevomagia_cover-600x600-1.jpg","height":600,"width":600},"url":"https:\/\/www.radiotime.it\/2022\/09\/27\/verdena-tornano-in-radio-con-chaise-longue\/","video":{"@context":"http:\/\/schema.org\/","@type":"VideoObject","@id":"https:\/\/www.youtube.com\/watch?v=6ITZs6baqGE#VideoObject","contentUrl":"https:\/\/www.youtube.com\/watch?v=6ITZs6baqGE","name":"Verdena - Chaise Longue","description":"Music video by Verdena performing Chaise Longue. A Capitol Records release; \u00a9 2022 Universal Music Italia Srl\n\nhttp:\/\/vevo.ly\/RoqTHq","thumbnailUrl":["https:\/\/i.ytimg.com\/vi\/6ITZs6baqGE\/default.jpg","https:\/\/i.ytimg.com\/vi\/6ITZs6baqGE\/mqdefault.jpg","https:\/\/i.ytimg.com\/vi\/6ITZs6baqGE\/hqdefault.jpg","https:\/\/i.ytimg.com\/vi\/6ITZs6baqGE\/sddefault.jpg","https:\/\/i.ytimg.com\/vi\/6ITZs6baqGE\/maxresdefault.jpg"],"uploadDate":"2022-09-18T22:00:02+00:00","duration":"PT3M44S","embedUrl":"https:\/\/www.youtube.com\/embed\/6ITZs6baqGE","publisher":{"@type":"Organization","@id":"https:\/\/www.youtube.com\/channel\/UC5uGjTpk9XbAqpexofXFTUw#Organization","url":"https:\/\/www.youtube.com\/channel\/UC5uGjTpk9XbAqpexofXFTUw","name":"VerdenaVEVO","description":"","logo":{"url":"https:\/\/yt3.ggpht.com\/5fUu4Y2bCMzC4zUlLfTAQ2KjrYd7HAcq2LfcFzKG3W2UK1d9VFtOphXDwAQ27nzuU7DgwNaZGA=s800-c-k-c0x00ffffff-no-rj","width":800,"height":800,"@type":"ImageObject","@id":"https:\/\/www.youtube.com\/watch?v=6ITZs6baqGE#VideoObject_publisher_logo_ImageObject"}},"potentialAction":{"@type":"SeekToAction","@id":"https:\/\/www.youtube.com\/watch?v=6ITZs6baqGE#VideoObject_potentialAction","target":"https:\/\/www.youtube.com\/watch?v=6ITZs6baqGE&t={seek_to_second_number}","startOffset-input":"required name=seek_to_second_number"},"interactionStatistic":[[{"@type":"InteractionCounter","@id":"https:\/\/www.youtube.com\/watch?v=6ITZs6baqGE#VideoObject_interactionStatistic_WatchAction","interactionType":{"@type":"WatchAction"},"userInteractionCount":479409}],{"@type":"InteractionCounter","@id":"https:\/\/www.youtube.com\/watch?v=6ITZs6baqGE#VideoObject_interactionStatistic_LikeAction","interactionType":{"@type":"LikeAction"},"userInteractionCount":6816}]},"about":["musica"],"wordCount":321,"keywords":["Chaise Longue","nuovo singolo","VERDENA"],"articleBody":"I Verdena pubblicano oggi, luned\u00ec 19 settembre, \u201cChaise Longue\u201d, la traccia che apre il nuovo\u00a0 album \u201cVolevo Magia\u201d, in uscita venerd\u00ec 23 settembre.La canzone &#8211; disponibile in streaming e digital download https:\/\/capitol.lnk.to\/volevomagia \u00e8 anche su YouTube con un \u201ccamera car &amp; lyrics\u201dVERDENA tornano in radio con &#8220;Chaise Longue&#8221;Il disco &#8211; in pre-order al link https:\/\/capitol.lnk.to\/volevomagia &#8211; sar\u00e0 acquistabile in versione fisica nei formati CD e doppio LP standard.Sono invece gi\u00e0 sold out i seguenti formati: CD autografato in esclusiva per Amazon, doppio LP autografato in esclusiva per lo store Universal e doppio LP colorato e numerato in esclusiva per Discoteca Laziale.Questa la tracklist completa dell\u2019album:1. Chaise Longue2. Paul e Linda3. Pascolare4. Certi Magazine5. Crystal Ball6. Dialobik7. Sui Ghiacciai8. Volevo Magia9. Cielo Super Acceso10. X Sempre Assente11. Paladini12. Sino a Notte (D.I.)13. Nei Rami &nbsp;\u201cVolevo Magia\u201d \u00e8 il settimo disco di inediti nella carriera della band di Alberto Ferrari, Luca Ferrari e Roberta Sammarelli.Il nuovo lavoro pone cos\u00ec fine al lungo periodo di silenzio discografico che durava dal 2015, anno di pubblicazione del progetto in due volumi \u201cEndkadenz\u201d.Al nuovo disco far\u00e0 seguito un tour, prodotto da DNA Concerti, che porter\u00e0 i Verdena nei pi\u00f9 importanti club italiani.Di seguito tutte le date, tra cui quelle sold out di Bologna, Firenze, Torino, Senigallia, la prima di Milano e Roma. Il live di Napoli cambia venue, spostandosi dalla Casa della Musica al Palapartenope.29 ottobre &#8211; Bologna &#8211; Estragon sold out30 ottobre &#8211; Bologna &#8211; Estragon sold out13 novembre &#8211; Padova &#8211; Teatro Geox14 novembre &#8211; Firenze &#8211; Tuscany Hall sold out16 novembre &#8211; Torino &#8211; Teatro della Concordia sold out22 novembre &#8211; Milano &#8211; Alcatraz sold out23 novembre &#8211; Milano &#8211; Alcatraz24 novembre &#8211; Senigallia (AN) &#8211; Mamamia sold out26 novembre &#8211; Bari &#8211; Palaflorio28 novembre &#8211; Napoli &#8211; Palapartenope29 novembre &#8211; Roma \u2013 Atlantico sold out30 novembre &#8211; Roma &#8211; Atlantico nuova data&nbsp;Info e prevendite tour ai link www.verdena.com \u00a0e www.dnaconcerti.com.&nbsp;"},{"@context":"https:\/\/schema.org\/","@type":"BreadcrumbList","itemListElement":[{"@type":"ListItem","position":1,"name":"2022","item":"https:\/\/www.radiotime.it\/2022\/#breadcrumbitem"},{"@type":"ListItem","position":2,"name":"09","item":"https:\/\/www.radiotime.it\/2022\/\/09\/#breadcrumbitem"},{"@type":"ListItem","position":3,"name":"27","item":"https:\/\/www.radiotime.it\/2022\/\/09\/\/27\/#breadcrumbitem"},{"@type":"ListItem","position":4,"name":"VERDENA tornano in radio con &#8220;Chaise Longue&#8221;","item":"https:\/\/www.radiotime.it\/2022\/09\/27\/verdena-tornano-in-radio-con-chaise-longue\/#breadcrumbitem"}]}]