[{"@context":"https:\/\/schema.org\/","@type":"NewsArticle","@id":"https:\/\/www.radiotime.it\/2023\/02\/03\/sanremo-2023-da-venerdi-10-febbraio-manchester-il-nuovo-album-di-will\/#NewsArticle","mainEntityOfPage":"https:\/\/www.radiotime.it\/2023\/02\/03\/sanremo-2023-da-venerdi-10-febbraio-manchester-il-nuovo-album-di-will\/","headline":"Sanremo 2023:  da Venerd\u00ec 10 Febbraio &#8220;MANCHESTER&#8221; il nuovo album di Will","name":"Sanremo 2023:  da Venerd\u00ec 10 Febbraio &#8220;MANCHESTER&#8221; il nuovo album di Will","description":"E\u2019\u00a0\u201cManchester\u201d il primo album ufficiale di\u00a0Will\u00a0e sar\u00e0 disponibile in fisico e digitale da\u00a0Venerd\u00ec 10 febbraio.\u00a0Il giovane artista che negli ultimi anni \u00e8 riuscito a conquistarsi con costanza e determinazione un posto nella scena musicale contemporanea italiana, \u00e8 in gara al\u00a0Festival di Sanremo\u00a0con il brano \u201cStupido\u201d\u00a0e si sta preparando a calcare per la prima volta l\u2019ambitissimo [&hellip;]","datePublished":"2023-02-03","dateModified":"2023-02-03","author":{"@type":"Person","@id":"https:\/\/www.radiotime.it\/author\/alessandro\/#Person","name":"Redazione","url":"https:\/\/www.radiotime.it\/author\/alessandro\/","identifier":5,"image":{"@type":"ImageObject","@id":"https:\/\/secure.gravatar.com\/avatar\/8376aa91354460349f0772b5903560ae?s=96&d=mm&r=g","url":"https:\/\/secure.gravatar.com\/avatar\/8376aa91354460349f0772b5903560ae?s=96&d=mm&r=g","height":96,"width":96}},"publisher":{"@type":"Organization","name":"RADIOTIME","logo":{"@type":"ImageObject","@id":"https:\/\/www.radiotime.it\/wp-content\/uploads\/2020\/02\/Logo_Time_1500-e1580898267395.png","url":"https:\/\/www.radiotime.it\/wp-content\/uploads\/2020\/02\/Logo_Time_1500-e1580898267395.png","width":600,"height":60}},"image":{"@type":"ImageObject","@id":"https:\/\/www.radiotime.it\/wp-content\/uploads\/2023\/02\/WILL-foto-_-Sanremo-2023-oki--scaled.jpg","url":"https:\/\/www.radiotime.it\/wp-content\/uploads\/2023\/02\/WILL-foto-_-Sanremo-2023-oki--scaled.jpg","height":1440,"width":2560},"url":"https:\/\/www.radiotime.it\/2023\/02\/03\/sanremo-2023-da-venerdi-10-febbraio-manchester-il-nuovo-album-di-will\/","about":["musica"],"wordCount":829,"articleBody":"E\u2019\u00a0\u201cManchester\u201d il primo album ufficiale di\u00a0Will\u00a0e sar\u00e0 disponibile in fisico e digitale da\u00a0Venerd\u00ec 10 febbraio.\u00a0Il giovane artista che negli ultimi anni \u00e8 riuscito a conquistarsi con costanza e determinazione un posto nella scena musicale contemporanea italiana, \u00e8 in gara al\u00a0Festival di Sanremo\u00a0con il brano \u201cStupido\u201d\u00a0e si sta preparando a calcare per la prima volta l\u2019ambitissimo palco dell\u2019Ariston tra i Big della canzone italiana.\u00a0Manchester\u00a0in uscita su etichetta Capitol Records (Univesal Music Italy)\u00a0https:\/\/capitol.lnk.to\/manchester\u00a0sar\u00e0 presentato al pubblico attraverso un instore tour in partenza sabato 11 febbraio proprio da Sanremo, per poi proseguire nelle principali citt\u00e0 italiane. &#8220;MANCHESTER&#8221; il nuovo album di Will\u201cManchester &#8211; dichiara Will &#8211; \u00e8 il frutto degli ultimi tre anni di lavoro \u2013 in questo mio primo disco mi presento per quello che sono realmente senza filtri ne costruzioni.Sono semplicemente io con la mia musica e la voglia di esprimere la mia personalit\u00e0. Un disco che ben rappresenta il mio viaggio, facendomi scoprire dei lati di me che non conoscevo sino a definire la mia vera identit\u00e0 musicale, un album che in qualche modo ripercorre i miei ultimi anni da quando ho iniziato a scrivere i primi testi sino a Sanremo. Manchester racconta di me, di quello che sono stato, nei brani gi\u00e0 editi e di quello che sono nelle canzoni inedite.\u00a0\u00a0\u00a0\u00a0\u00a0\u00a0\u00a0\u00a0\u00a0\u00a0\u00a0\u00a0\u00a0\u00a0\u00a0\u00a0\u00a0\u00a0\u00a0\u00a0\u00a0\u00a0\u00a0\u00a0\u00a0\u00a0\u00a0\u00a0\u00a0\u00a0\u00a0 \u00a0\u00a0\u00a0\u00a0\u00a0\u00a0\u00a0\u00a0\u00a0\u00a0\u00a0\u00a0\u00a0\u00a0\u00a0\u00a0\u00a0\u00a0Manchester \u2013 prosegue il giovane artista &#8211; \u00e8 sicuramente un tributo alle mie origini.Parte della mia famiglia \u00e8 di Manchester, quella cultura anglosassone l\u2019ho sempre respirata, fa parte di me e del mio modo di vivere e concepire anche la musica, soprattutto nelle influenze e nelle sonorit\u00e0 pop britanniche. Ho la fortuna di avere questa doppia anima, cresciuto ascoltando tantissima musica, dal Brit pop che mi ha trasmesso mia madre inglese, sino al cantautorato italiano a cui mi ha avvicinato mio padre. Spero che il pubblico si possa ritrovare nelle canzoni di Manchester e che si possa emozionare. E\u2019 il mio primo disco ufficiale e mi rispecchia in tutta la mia essenza, spero davvero che arrivi la sincerit\u00e0 di questo progetto a cui tengo in maniera particolare\u201d.Manchester, che sar\u00e0 disponibile nei formati Cd ed Lp, anche in versione autografata in esclusiva nello store Universal Music si compone di 16 brani e include anche successi come \u201cEstate\u201d gi\u00e0 certificato disco di platino, \u201cAnno Luce\u201d, \u201cDomani che fai?\u201d \u201cCapolavoro\u201d, \u201cChi sono veramente\u201d, \u201cPi\u00f9 forte di me\u201d, che hanno complessivamente superato 100 milioni di stream. Nel disco anche \u201cLe cose pi\u00f9 importanti\u201d, brano di Sanremo giovani\u201d e \u201cStupido\u201d, canzone in gara dal 7 Febbraio al Festival di Sanremo 2023. dichiara WillStupido vuole anche essere uno slogan: non bisogna avere paura di esternare le proprie emozioni e fragilit\u00e0, l&#8217;importante \u00e8 sempre agire in maniera autentica e vera anche se in alcuni momenti possiamo sembrare degli stupidi. Anche la fine di una relazione di qualsiasi natura in cui l&#8217;amore \u00e8 protagonista porta con s\u00e8 ferite, dolori e cicatrici difficili da ricostruire, e nonostante\u00a0spesso mentiamo a noi stess\u00ec facendo gli stupidi, voltare pagina non \u00e8 mai facile.\u00a0Will continuaSono felicissimo e orgoglioso di poter portare ad un pubblico cos\u00ec ampio la mia musica, grato alla commissione che ha creduto nel mio progetto consentendomi di realizzare un sogno che mai avrei pensato potesse realizzarsi.\u00a0Sono particolarmente legato a \u201cStupido\u201d e l\u2019avevo tenuta per un&#8217;occasione importante, sono contento possa essere la mia compagna per questo Sanremo 2023. Un pezzo pi\u00f9 maturo sia nelle parole che nelle melodie che spero possa emozionare arrivando a tantissime persone, sicuramente un pezzo sentito, a tratti anche terapeutico e malinconico che si apre nel ritornello e ti fa venire voglia di cantare\u201dGrazie alla partecipazione al prossimo Festival di Sanremo Will prosegue cos\u00ec il suo nuovo percorso artistico e personale, la naturale evoluzione pop di un giovane fuoriclasse della musica che ha trovato la sua vera identit\u00e0:\u00a0un musicista estremamente talentuoso che \u00e8 riuscito in poco tempo a mostrare la sua vera essenza, svelando le fragilit\u00e0 che anche un giovane ragazzo pu\u00f2 incontrare.\u00a0Un percorso raro di estrema sensibilit\u00e0 in cui Will \u00e8 riuscito ad aprire il suo cuore, come pochi altri alla sua et\u00e0, verso ulteriori orizzonti sonori in cui l\u2019attitudine pop abbraccia sapientemente il mondo urban.Will sar\u00e0 felice di incontrare il pubblico per il \u201cManchester instore tour\u201d che partir\u00e0\u00a0sabato 11 febbraio\u00a0proprio da\u00a0Sanremo\u00a0presso il Dec\u00f2 per proseguire il\u00a013 febbraio\u00a0a\u00a0Padova,\u00a0il\u00a014 febbraio\u00a0a\u00a0Milano, il\u00a015 Febbraio\u00a0a\u00a0Roma,\u00a0il\u00a016 Febbraio\u00a0a\u00a0Bologna\u00a0e il\u00a017 Febbraio\u00a0a\u00a0Torino.\u00a0"},{"@context":"https:\/\/schema.org\/","@type":"BreadcrumbList","itemListElement":[{"@type":"ListItem","position":1,"name":"2023","item":"https:\/\/www.radiotime.it\/2023\/#breadcrumbitem"},{"@type":"ListItem","position":2,"name":"02","item":"https:\/\/www.radiotime.it\/2023\/\/02\/#breadcrumbitem"},{"@type":"ListItem","position":3,"name":"03","item":"https:\/\/www.radiotime.it\/2023\/\/02\/\/03\/#breadcrumbitem"},{"@type":"ListItem","position":4,"name":"Sanremo 2023:  da Venerd\u00ec 10 Febbraio &#8220;MANCHESTER&#8221; il nuovo album di Will","item":"https:\/\/www.radiotime.it\/2023\/02\/03\/sanremo-2023-da-venerdi-10-febbraio-manchester-il-nuovo-album-di-will\/#breadcrumbitem"}]}]