[{"@context":"https:\/\/schema.org\/","@type":"NewsArticle","@id":"https:\/\/www.radiotime.it\/2023\/02\/10\/addio-magnolia-crolla-lalbero-quasi-centenario-che-diede-il-nome-alla-omonima-via-di-palermo\/#NewsArticle","mainEntityOfPage":"https:\/\/www.radiotime.it\/2023\/02\/10\/addio-magnolia-crolla-lalbero-quasi-centenario-che-diede-il-nome-alla-omonima-via-di-palermo\/","headline":"Addio Magnolia, crolla l&#8217;albero quasi centenario che diede il nome alla omonima via di Palermo","name":"Addio Magnolia, crolla l&#8217;albero quasi centenario che diede il nome alla omonima via di Palermo","description":"e https:\/\/www.radiotime.it\/wp-content\/uploads\/2023\/02\/WhatsApp-Video-2023-02-10-at-15.51.20.mp4 E&#8217; delle prime ore del mattino la notizia che ha sconvolto gli abitanti della zona e non solo, che vede il crollo di uno degli alberi pi\u00f9 famosi in citt\u00e0, non foss&#8217;altro perch\u00e8 nel secolo scorso determin\u00f2 il battesimo della via elegante e meravigliosamente ombreggiata, al cui imbocco si trovava da tempo immemore. [&hellip;]","datePublished":"2023-02-10","dateModified":"2023-02-13","author":{"@type":"Person","@id":"https:\/\/www.radiotime.it\/author\/fatima\/#Person","name":"Fatima Sanfilippo","url":"https:\/\/www.radiotime.it\/author\/fatima\/","identifier":24,"image":{"@type":"ImageObject","@id":"https:\/\/secure.gravatar.com\/avatar\/f20cf706b8b2ad5d9c4e139c55561240?s=96&d=mm&r=g","url":"https:\/\/secure.gravatar.com\/avatar\/f20cf706b8b2ad5d9c4e139c55561240?s=96&d=mm&r=g","height":96,"width":96}},"publisher":{"@type":"Organization","name":"RADIOTIME","logo":{"@type":"ImageObject","@id":"https:\/\/www.radiotime.it\/wp-content\/uploads\/2020\/02\/Logo_Time_1500-e1580898267395.png","url":"https:\/\/www.radiotime.it\/wp-content\/uploads\/2020\/02\/Logo_Time_1500-e1580898267395.png","width":600,"height":60}},"image":{"@type":"ImageObject","@id":"https:\/\/www.radiotime.it\/wp-content\/uploads\/2023\/02\/WhatsApp-Image-2023-02-10-at-15.51.11.jpeg","url":"https:\/\/www.radiotime.it\/wp-content\/uploads\/2023\/02\/WhatsApp-Image-2023-02-10-at-15.51.11.jpeg","height":1200,"width":1600},"url":"https:\/\/www.radiotime.it\/2023\/02\/10\/addio-magnolia-crolla-lalbero-quasi-centenario-che-diede-il-nome-alla-omonima-via-di-palermo\/","about":["I Fatti Del Giorno","News","Uncategorized"],"wordCount":453,"keywords":["alberi","i","magnolia","Palermo","salvaguardia ambiente","verde pubblico","via delle magnolie"],"articleBody":"e     https:\/\/www.radiotime.it\/wp-content\/uploads\/2023\/02\/WhatsApp-Video-2023-02-10-at-15.51.20.mp4E&#8217; delle prime ore del mattino la notizia che ha sconvolto gli abitanti della zona e non solo, che vede il crollo di uno degli alberi pi\u00f9 famosi in citt\u00e0, non foss&#8217;altro perch\u00e8 nel secolo scorso determin\u00f2 il battesimo della via elegante e meravigliosamente ombreggiata, al cui imbocco si trovava da tempo immemore.Stamattina alle sette e trenta, senza preavviso, sotto le sferzate di un vento prepotente, la magnolia ha ceduto, crollando miseramente su un&#8217;auto in transito, un pap\u00e0 e la figlia, sono stati travolti dall&#8217;immensa chioma dell&#8217;albero. Sotto shock padre e figlia ma miracolosamente illesi.Da anni l&#8217;albero,\u00a0 in occasione di giornate particolarmente ventose, ondeggiava vistosamente; questo ha indotto gli abitanti della zona a segnalarne la pericolosit\u00e0 al Comune di Palermo.I passanti, raccontano di centinaia di segnalazioni per richiedere interventi manutentivi adeguati, che salvassero la maestosa pianta e rendessero il transito pi\u00f9 sicuro.Anni orsono era stata realizzata soltanto una passerella a tutela dei pedoni che rischiavano di inciampare sulle vistose radici, che la forza del cemento non era riuscita a contenere.La prospettiva anche quella volta era stata quella dell&#8217;uomo e non quella della pianta.Una voce su tutte stamattina riecheggiava, questi alberi non sono adatti alle zone altamente edificate e a luoghi dove il cemento spadroneggia, avrebbe necessitato di un&#8217;ampia area di terra intorno a s\u00e8&#8230;.Per\u00f2 non era cos\u00ec da sempre&#8230;. da quando quell&#8217;albero, nel secolo scorso, di palazzi a fianco non ne aveva neanche uno e di terra in cui affondare le radici ne aveva in abbondanza.Non \u00e8 la magnolia ad aver cambiato le regole e le condizioni della sua sopravvivenza, eppure, nonostante i cambiamenti deleteri che le sono avvenuti intorno, quell&#8217;albero si \u00e8 adattato e ha continuato a stare al suo posto, un posto in cui ha pi\u00f9 dato che preso&#8230;gi\u00e0 la magnolia, non si \u00e8 arresa ai cambiamenti e ha continuato a fare il suo lavoro, prendere smog e restituire un p\u00f2 di ossigeno buono, patire i raggi di un sole cocente e regalare ombra e frescura alla via, ha frenato l&#8217;imperiosit\u00e0 del vento, riparando i palazzi limitrofi&#8230;. oggi, per\u00f2, tante dita puntate sulla tragedia sfiorata, quasi fosse un atto di cattiva volont\u00e0 della pianta.Si poteva salvare, trapiantare, le si poteva forse restituire un p\u00f2 della sua dedizione al nostro ambiente&#8230;e invece no, l&#8217;uomo ha scelto, come sempre, la via pi\u00f9 facile, decretando la fine della magnolia di via delle Magnolie angolo via Boris Giuliano&#8230;e a pomeriggio inoltrato ancora si tagliavano pezzi della storia di una Palermo che da oggi non sar\u00e0 pi\u00f9 la stessa.&nbsp;"},{"@context":"https:\/\/schema.org\/","@type":"BreadcrumbList","itemListElement":[{"@type":"ListItem","position":1,"name":"2023","item":"https:\/\/www.radiotime.it\/2023\/#breadcrumbitem"},{"@type":"ListItem","position":2,"name":"02","item":"https:\/\/www.radiotime.it\/2023\/\/02\/#breadcrumbitem"},{"@type":"ListItem","position":3,"name":"10","item":"https:\/\/www.radiotime.it\/2023\/\/02\/\/10\/#breadcrumbitem"},{"@type":"ListItem","position":4,"name":"Addio Magnolia, crolla l&#8217;albero quasi centenario che diede il nome alla omonima via di Palermo","item":"https:\/\/www.radiotime.it\/2023\/02\/10\/addio-magnolia-crolla-lalbero-quasi-centenario-che-diede-il-nome-alla-omonima-via-di-palermo\/#breadcrumbitem"}]}]