[{"@context":"https:\/\/schema.org\/","@type":"NewsArticle","@id":"https:\/\/www.radiotime.it\/2023\/02\/22\/catania-maluma-sara-al-wave-summer-music-2023\/#NewsArticle","mainEntityOfPage":"https:\/\/www.radiotime.it\/2023\/02\/22\/catania-maluma-sara-al-wave-summer-music-2023\/","headline":"Catania: Maluma sar\u00e0 al Wave Summer Music 2023","name":"Catania: Maluma sar\u00e0 al Wave Summer Music 2023","description":"La superstar colombiana Maluma sar\u00e0 al Wave Summer Music 2023. La star internazionale, uno degli artisti di maggior successo ed influenza della musica latinoamericana, sar\u00e0 il 5 luglio alla Villa Bellini di Catania per uno dei pochi appuntamenti italiani del suo tour mondiale. Il live siciliano \u00e8 organizzato da Giuseppe Rapisarda Management con la collaborazione [&hellip;]","datePublished":"2023-02-22","dateModified":"2023-02-22","author":{"@type":"Person","@id":"https:\/\/www.radiotime.it\/author\/alessandro\/#Person","name":"Redazione","url":"https:\/\/www.radiotime.it\/author\/alessandro\/","identifier":5,"image":{"@type":"ImageObject","@id":"https:\/\/secure.gravatar.com\/avatar\/8376aa91354460349f0772b5903560ae?s=96&d=mm&r=g","url":"https:\/\/secure.gravatar.com\/avatar\/8376aa91354460349f0772b5903560ae?s=96&d=mm&r=g","height":96,"width":96}},"publisher":{"@type":"Organization","name":"RADIOTIME","logo":{"@type":"ImageObject","@id":"https:\/\/www.radiotime.it\/wp-content\/uploads\/2020\/02\/Logo_Time_1500-e1580898267395.png","url":"https:\/\/www.radiotime.it\/wp-content\/uploads\/2020\/02\/Logo_Time_1500-e1580898267395.png","width":600,"height":60}},"image":{"@type":"ImageObject","@id":"https:\/\/www.radiotime.it\/wp-content\/uploads\/2023\/02\/Maluma-scaled.jpg","url":"https:\/\/www.radiotime.it\/wp-content\/uploads\/2023\/02\/Maluma-scaled.jpg","height":2560,"width":1707},"url":"https:\/\/www.radiotime.it\/2023\/02\/22\/catania-maluma-sara-al-wave-summer-music-2023\/","about":["musica"],"wordCount":307,"keywords":["Giuseppe Rapisarda Management","maluma","Wave Summer Music"],"articleBody":"La superstar colombiana Maluma sar\u00e0 al Wave Summer Music 2023.La star internazionale, uno degli artisti di maggior successo ed influenza della musica latinoamericana, sar\u00e0 il 5 luglio alla Villa Bellini di Catania per uno dei pochi appuntamenti italiani del suo tour mondiale. Il live siciliano \u00e8 organizzato da Giuseppe Rapisarda Management con la collaborazione di Lurova Music.Catania: Maluma sar\u00e0 al Wave Summer Music 2023Oltre 18 milioni di copie vendute nel mondo tra singoli e album, vincitore di un Latin Grammy Award e nove nomination, Maluma ha recentemente ricevuto 8 nomination al Premio Lo Nuestro: Pop \u2013 Male Artist Of The Year; Song Of The Year per il brano \u201cCada Quien\u201d con Grupo Firme; The Perfect Mix Of The Year per \u201cCada Quien\u201d con Grupo Firme; Tour Of The Year; Pop \u2013 Song Of The Year con \u201cSobrio\u201d; Pop-Urban \u2013 Song Of The Year con \u201cMama Tetema\u201d ft. Rayvanny; Urban \u2013 Album Of The Year con The Love &amp; Sex Tape; Regional Mexican \u2013 Banda Song Of The Year per \u201cCada Quien\u201d con Grupo Firme. La finale si terr\u00e0 il 23 febbraio alla Dade Arena di Miami. L\u2019ultimo album \u201cThe Love &amp; Sex Tape\u201d \u00e8 stato nominato nella categoria Best Album Urbano ai Grammy Awards.Il 3 febbraio \u00e8 stato pubblicato \u201cLa Formula\u201d, il suo nuovo singolo, in collaborazione con l\u2019artista di salsa pi\u00f9 grande di tutti i tempi Marc Anthony. \u201cLa Formula\u201d, scritta da Maluma e Marc Anthony insieme a \u00c9dgar Barrera, Kevin Mauricio Jim\u00e9nez, Bryan Snaider Lezcano, Justin Quiles, Rene David Cano and Sergio George, \u00e8 una salsa dal ritmo irresistibile, impreziosita da un\u2019eccellente performance vocale e un testo dolceamaro. Il brano \u00e8 la conferma della stretta amicizia tra i due artisti, nata dopo la versione salsa del grande successo di Maluma \u201cFelices los 4\u201c."},{"@context":"https:\/\/schema.org\/","@type":"BreadcrumbList","itemListElement":[{"@type":"ListItem","position":1,"name":"2023","item":"https:\/\/www.radiotime.it\/2023\/#breadcrumbitem"},{"@type":"ListItem","position":2,"name":"02","item":"https:\/\/www.radiotime.it\/2023\/\/02\/#breadcrumbitem"},{"@type":"ListItem","position":3,"name":"22","item":"https:\/\/www.radiotime.it\/2023\/\/02\/\/22\/#breadcrumbitem"},{"@type":"ListItem","position":4,"name":"Catania: Maluma sar\u00e0 al Wave Summer Music 2023","item":"https:\/\/www.radiotime.it\/2023\/02\/22\/catania-maluma-sara-al-wave-summer-music-2023\/#breadcrumbitem"}]}]