[{"@context":"https:\/\/schema.org\/","@type":"NewsArticle","@id":"https:\/\/www.radiotime.it\/2023\/03\/06\/francesco-renga-nek-linfinito-piu-o-meno\/#NewsArticle","mainEntityOfPage":"https:\/\/www.radiotime.it\/2023\/03\/06\/francesco-renga-nek-linfinito-piu-o-meno\/","headline":"Francesco Renga, Nek &#8211; L&#8217;infinito pi\u00f9 o meno","name":"Francesco Renga, Nek &#8211; L&#8217;infinito pi\u00f9 o meno","description":"Francesco Renga, Nek &#8211; L&#8217;infinito pi\u00f9 o meno Un brano emozionante e profondo che affronta il tema della paternit\u00e0 in tutte le sue sfumature Renga e Nek lasciano il posto a Francesco e Filippo: questo \u00e8\u00a0\u201cL\u2019INFINITO PI\u00d9 O MENO\u201d Francesco Renga, Nek &#8211; L&#8217;infinito pi\u00f9 o meno Il brano\u00a0(scritto da Edwyn Roberts, Cheope, Gianluigi Fazio, [&hellip;]","datePublished":"2023-03-06","dateModified":"2023-03-06","author":{"@type":"Person","@id":"https:\/\/www.radiotime.it\/author\/alessandro\/#Person","name":"Redazione","url":"https:\/\/www.radiotime.it\/author\/alessandro\/","identifier":5,"image":{"@type":"ImageObject","@id":"https:\/\/secure.gravatar.com\/avatar\/8376aa91354460349f0772b5903560ae?s=96&d=mm&r=g","url":"https:\/\/secure.gravatar.com\/avatar\/8376aa91354460349f0772b5903560ae?s=96&d=mm&r=g","height":96,"width":96}},"publisher":{"@type":"Organization","name":"RADIOTIME","logo":{"@type":"ImageObject","@id":"https:\/\/www.radiotime.it\/wp-content\/uploads\/2020\/02\/Logo_Time_1500-e1580898267395.png","url":"https:\/\/www.radiotime.it\/wp-content\/uploads\/2020\/02\/Logo_Time_1500-e1580898267395.png","width":600,"height":60}},"image":{"@type":"ImageObject","@id":"https:\/\/www.radiotime.it\/wp-content\/uploads\/2023\/03\/renga-nek-600x600-1.jpg","url":"https:\/\/www.radiotime.it\/wp-content\/uploads\/2023\/03\/renga-nek-600x600-1.jpg","height":600,"width":600},"url":"https:\/\/www.radiotime.it\/2023\/03\/06\/francesco-renga-nek-linfinito-piu-o-meno\/","about":["musica"],"wordCount":596,"keywords":["Francesco Renga","L'infinito pi\u00f9 o meno","nek","nuovo singolo"],"articleBody":"Francesco Renga, Nek &#8211; L&#8217;infinito pi\u00f9 o meno Un brano emozionante e profondo che affronta il tema della paternit\u00e0 in tutte le sue sfumatureRenga e Nek lasciano il posto a Francesco e Filippo: questo \u00e8\u00a0\u201cL\u2019INFINITO PI\u00d9 O MENO\u201dFrancesco Renga, Nek &#8211; L&#8217;infinito pi\u00f9 o menoIl brano\u00a0(scritto da Edwyn Roberts, Cheope, Gianluigi Fazio, Alex \u201cRaige\u201d Vella e prodotto da Enrico Brun, Marco Paganelli)\u00a0anticipa il nuovo progetto discografico condiviso, ed\u00a0\u00e8 disponibile in pre-save e pre-add qui:\u00a0https:\/\/epic.lnk.to\/linfinitopiuomeno.\u00a0In attesa dell\u2019evento celebrativo il prossimo 5 settembre all\u2019Arena di Verona, a grande richiesta si aggiunge un altro imperdibile appuntamento live sabato 7 ottobre al Mediolanum Forum di Assago \u2013 MILANO, per ripercorrere ancora una volta le incredibili carriere di due artisti che con la loro musica hanno segnato intere generazioni!\u00a0Inoltre,\u00a0RENGA e NEK saranno impegnati in un tour nelle principali citt\u00e0 italiane: \u00a002 luglio\u00a0&#8211; Cavea dell\u2019Auditorium Parco della Musica Ennio Morricone &#8211;\u00a0ROMA07 settembre\u00a0&#8211; Piazza della Loggia &#8211;\u00a0BRESCIA11 ottobre\u00a0&#8211; Teatro Augusteo &#8211;\u00a0NAPOLI12 ottobre\u00a0&#8211; Teatro Team &#8211;\u00a0\u00a0BARI16 ottobre\u00a0&#8211;\u00a0 Europauditorium &#8211;\u00a0BOLOGNA19 ottobre\u00a0&#8211; Teatro Verdi &#8211;\u00a0\u00a0FIRENZE21 ottobre\u00a0&#8211; Teatro Colosseo &#8211;\u00a0TORINOI biglietti per le nuove date sono disponibili in prevendita a partire dalle ore 16.00 di oggi, mercoled\u00ec 1\u00b0 marzo,\u00a0su\u00a0www.ticketone.it\u00a0e nei punti vendita abituali.Le date live sono prodotte e organizzate da Friends &amp; Partners. Il concerto al Mediolanum Forum di Assago (MILANO) \u00e8 realizzato in collaborazione con Showbees.Francesco RengaTra le pi\u00f9 grandi voci del panorama musicale italiano,\u00a0Francesco Renga\u00a0quest\u2019anno celebra 40 anni di straordinaria carriera con all\u2019attivo 8 album d\u2019inediti, 1 album con orchestra, 2 album dal vivo (di cui uno insieme a Max Pezzali e Nek), ha totalizzato oltre 1 milione di copie vendute, 9 certificazioni di platino e 8 d\u2019oro.Colleziona singoli di grande successo, da \u201cRaccontami\u201d a\u00a0\u201cLa tua bellezza\u201d, da\u00a0\u201cAngelo\u201d (brano vincitore del Festival di Sanremo 2005) a \u201cMeravigliosa\u00a0(la Luna)\u201d, da\u00a0\u201cIl mio giorno pi\u00f9 bello del mondo\u201d\u00a0a\u00a0\u201cGuardami amore\u201d e tantissimi altri. Nel corso della sua carriera Francesco ha realizzato pi\u00f9 di 1900 concerti tra palasport, teatri e location mozzafiato come l\u2019Arena di Verona e il Teatro Antico di Taormina. Ha alle spalle 9 partecipazioni al Festival di Sanremo come concorrente in gara, 1 vittoria nel 2005 con il brano\u00a0\u201cAngelo\u201d e 2 premi della critica, con i brani\u00a0\u201cL\u2019uomo che ride\u201d e\u00a0\u201cRaccontami\u201d.NekCantante e polistrumentista, con alle spalle oltre 10 milioni di dischi venduti in tutto il mondo e 18 album in studio,\u00a0Nek\u00a0\u00e8 una delle voci maschili pi\u00f9 affascinanti e amate del panorama musicale italiano. Dopo l\u2019esordio nel 1992 con l\u2019album \u201cNek\u201d, tantissimi i successi che si sono susseguiti nei suoi 30 anni di carriera, da\u00a0\u201cLaura non c\u2019\u00e8\u201d\u00a0a\u00a0\u201cSe io non avessi te\u201d, da \u201cAlmeno stavolta\u201d a \u201cLascia che io sia\u201d, o ancora \u201cFatti avanti amore\u201d e \u201cSe una regola c\u2019\u00e8\u201d, senza dimenticare la cover di \u201cSe telefonando\u201d, eseguita sul palco del Festival di Sanremo nel 2015.Negli ultimi anni \u00e8 stato impegnato nella conduzione di fortunati programmi televisivi, ultimo dei quali \u201cDalla Strada Al Palco\u201d, in prima serata su Rai Due e che torner\u00e0 nel 2023 per la seconda edizione, che ha raccolto straordinari consensi di pubblico e critica. Nel 2022 \u00e8 uscito l\u2019album celebrativo \u201c5030\u201d, che racconta i 30 anni di carriera e i suoi 50 anni di et\u00e0.\u00a0"},{"@context":"https:\/\/schema.org\/","@type":"BreadcrumbList","itemListElement":[{"@type":"ListItem","position":1,"name":"2023","item":"https:\/\/www.radiotime.it\/2023\/#breadcrumbitem"},{"@type":"ListItem","position":2,"name":"03","item":"https:\/\/www.radiotime.it\/2023\/\/03\/#breadcrumbitem"},{"@type":"ListItem","position":3,"name":"06","item":"https:\/\/www.radiotime.it\/2023\/\/03\/\/06\/#breadcrumbitem"},{"@type":"ListItem","position":4,"name":"Francesco Renga, Nek &#8211; L&#8217;infinito pi\u00f9 o meno","item":"https:\/\/www.radiotime.it\/2023\/03\/06\/francesco-renga-nek-linfinito-piu-o-meno\/#breadcrumbitem"}]}]