[{"@context":"https:\/\/schema.org\/","@type":"NewsArticle","@id":"https:\/\/www.radiotime.it\/2023\/04\/13\/concerto-del-primo-maggio-2023-cresce-lattesa-per-la-trentatreesima-edizione\/#NewsArticle","mainEntityOfPage":"https:\/\/www.radiotime.it\/2023\/04\/13\/concerto-del-primo-maggio-2023-cresce-lattesa-per-la-trentatreesima-edizione\/","headline":"CONCERTO DEL PRIMO MAGGIO 2023\u00a0Cresce l\u2019attesa per la trentatreesima edizione","name":"CONCERTO DEL PRIMO MAGGIO 2023\u00a0Cresce l\u2019attesa per la trentatreesima edizione","description":"CONCERTO DEL PRIMO MAGGIO 2023\u00a0Cresce l\u2019attesa per la trentatreesima edizione del\u00a0CONCERTONE che ogni anno raccoglie in Piazza San Giovanni a Roma, davanti alla tv, sui social network e alla radio, milioni di appassionati di tutta Italia Generazione #1M2023 \u00a0 Annunciati oggi i primissimi artisti in lineup: \u00a0 AURORA PER LA PRIMA VOLTA AL CONCERTONE LA [&hellip;]","datePublished":"2023-04-13","dateModified":"2023-04-13","author":{"@type":"Person","@id":"https:\/\/www.radiotime.it\/author\/alessandro\/#Person","name":"Redazione","url":"https:\/\/www.radiotime.it\/author\/alessandro\/","identifier":5,"image":{"@type":"ImageObject","@id":"https:\/\/secure.gravatar.com\/avatar\/8376aa91354460349f0772b5903560ae?s=96&d=mm&r=g","url":"https:\/\/secure.gravatar.com\/avatar\/8376aa91354460349f0772b5903560ae?s=96&d=mm&r=g","height":96,"width":96}},"publisher":{"@type":"Organization","name":"RADIOTIME","logo":{"@type":"ImageObject","@id":"https:\/\/www.radiotime.it\/wp-content\/uploads\/2020\/02\/Logo_Time_1500-e1580898267395.png","url":"https:\/\/www.radiotime.it\/wp-content\/uploads\/2020\/02\/Logo_Time_1500-e1580898267395.png","width":600,"height":60}},"image":{"@type":"ImageObject","@id":"https:\/\/www.radiotime.it\/wp-content\/uploads\/2023\/04\/1M2022_foto-di-ClaudiaRolando_b.jpg","url":"https:\/\/www.radiotime.it\/wp-content\/uploads\/2023\/04\/1M2022_foto-di-ClaudiaRolando_b.jpg","height":683,"width":1024},"url":"https:\/\/www.radiotime.it\/2023\/04\/13\/concerto-del-primo-maggio-2023-cresce-lattesa-per-la-trentatreesima-edizione\/","about":["News"],"wordCount":811,"articleBody":"CONCERTO DEL PRIMO MAGGIO 2023\u00a0Cresce l\u2019attesa per la trentatreesima edizione del\u00a0CONCERTONE che ogni anno raccoglie in Piazza San Giovanni a Roma, davanti alla tv, sui social network e alla radio, milioni di appassionati di tutta ItaliaGenerazione #1M2023\u00a0Annunciati oggi i primissimi artisti in lineup:\u00a0AURORA PER LA PRIMA VOLTA AL CONCERTONE LA GIOVANE CANTAUTRICE NORVEGESE CON MILIARDI DI STREAM, OLTRE 4 MILIONI E MEZZO DI FOLLOWER SU TIKTOK E OLTRE 5 MILIONI DI ISCRITTI SUL CANALE YOUTUBE\u00a0A lei si aggiungono due BIG della musica italiana di nuova generazioneARIETECOMA_COSECresce l\u2019attesa per il\u00a0CONCERTO DEL PRIMO MAGGIO\u00a0di\u00a0ROMA,\u00a0promosso da\u00a0CGIL, CISL e UIL\u00a0e organizzato da\u00a0iCompany.\u00a0Da oggi, mercoled\u00ec 12 aprile, comincia a prendere forma la lineup\u00a0del Concertone\u00a0che ogni anno raccoglie milioni di appassionati\u00a0in Piazza San Giovanni a Roma\u00a0e davanti alla tv e alla radio, con le dirette su\u00a0RAI 3, Rai Radio2\u00a0e\u00a0Rai Play.\u00a0L&#8217;ospite internazionale di quest&#8217;anno sar\u00e0 la giovane cantautrice norvegese con miliardi di stream\u00a0AURORA,\u00a0il cui singolo \u201cCure For Me&#8221; \u00e8 la colonna sonora del video teaser del Primo Maggio Roma. Aurora si \u00e8 fatta conoscere con la cover del brano degli\u00a0Oasis \u201cHalf the World Away\u201d e a soli 12 anni ha composto \u201cRunaway\u201d, pubblicato poi nel 2016, che l\u2019ha portata al successo con oltre\u00a0300 milioni di visite giornaliere su TikTok conquistando il pubblico di tutto il mondo. Attualmente vanta oltre 4 milioni e mezzo di follower su TikTok e oltre 5 milioni di iscritti sul canale Youtube.\u00a0Tra i primissimi artisti annunciati\u00a0ci sono anche\u00a0ARIETE,\u00a0la giovane cantautrice simbolo della Generazione Z,\u00a0e i\u00a0COMA_COSE,\u00a0il duo formato da California e Fausto Lama, una coppia nella vita e nella musica, che mischia vissuto e gusto sonoro urbano a una poetica cantautorale.Periodicamente sui\u00a0canali social del Primo Maggio\u00a0(Instagram\u00a0&#8211;\u00a0Facebook\u00a0&#8211;\u00a0Twitter\u00a0&#8211;\u00a0TikTok)\u00a0verranno annunciati nuovi tasselli del puzzle che, giorno dopo giorno, comporr\u00e0 il Cast definitivo del Concertone 2023.Quest\u2019anno la linea artistica del Concertone si sviluppa attorno al concept \u201cGenerazione #1M2023\u201d segnando una\u00a0nuova importante tappa\u00a0nella narrazione musicale\u00a0che il\u00a0Primo Maggio\u00a0porta avanti da tempo.\u00a0 Anno dopo anno, il\u00a0Concerto del Primo Maggio\u00a0\u00e8 sempre pi\u00f9 il palco\u00a0transgenerazionale\u00a0della\u00a0musica che sta per arrivare\u00a0alle orecchie del pubblico nazionale.Un evento d\u2019avanguardia,\u00a0con una linea editoriale che\u00a0si riverbera nel tempo e nei gusti del pubblico\u00a0perch\u00e9 anticipa e alimenta interessi e tendenze musicali e li fonde con tematiche sociali veicolate dagli stessi artisti e dai tanti protagonisti dell\u2019evento. Un palco, una piazza e una platea in cui\u00a0artisti iconici e nuovi talenti della musica attuale\u00a0mettono in vetrina annualmente l\u2019emporio della musica italiana.\u00c8 in corso, inoltre, la fase finale di\u00a01MNEXT\u00a02023, il contest del Concerto del Primo Maggio che anche quest\u2019anno, tra gli oltre mille iscritti, premia le migliori\u00a03 proposte emergenti che avranno la possibilit\u00e0 di salire ed esibirsi in diretta tv sul grande palco di Piazza San Giovanni.\u00a0I 12 FINALISTI DI\u00a01MNEXT 2023\u00a0il contest del ConcertoneLo scorso venerd\u00ec 7 aprile sono stati svelati anche i\u00a012 finalisti di 1MNEXT 2023, selezionati attraverso il voto della Giuria di Qualit\u00e0 e Giuria popolare web.\u00a0Tre di loro si esibiranno dal vivo sul palco del Concertone:BABELE\u00a0(Milano) \u2219\u00a0CHIARA TURCO\u00a0(Torricella &#8211; TA) \u2219\u00a0DANU\u00a0(Castelfiorentino &#8211; FI) \u2219\u00a0ETTA\u00a0(Napoli) \u2219\u00a0EVRA\u00a0(Bari) \u2219\u00a0LEAN\u00d2\u00a0(Milano) \u2219\u00a0MANINNI\u00a0(Bari) \u2219\u00a0MOISE\u00a0(Milano) \u2219\u00a0PLASTIC\u00a0HAZE\u00a0(Roma) \u2219\u00a0STILL CHARLES\u00a0(Civitanova Marche &#8211; MC) \u2219\u00a0VERSAILLES\u00a0(Milano) \u2219\u00a0WEPRO\u00a0(Tricase &#8211; LE).I voti assegnati ai progetti finalisti, dalla Giuria di Qualit\u00e0 e dal pubblico attraverso il web, sono pubblici e consultabili sul sito\u00a01mnext.primomaggio.net.Al fine di garantire un corretto svolgimento delle selezioni, il sistema di controllo delle votazioni online ha invalidato tutti i voti sospetti, inclusi quelli ottenuti tramite VPN e\/o generatori di IP. La valutazione finale del singolo artista \u00e8 stata stabilita sommando, in quota ponderata, il voto del web con quello della Giuria di Qualit\u00e0. La Giuria popolare ha inciso (come da regolamento) per il 25% sulla valutazione finale, la Giuria di Qualit\u00e0 per il 75%.I\u00a03 vincitori che saliranno sul palco del Concertone\u00a0saranno selezionati durante la\u00a0finale live del 24 aprile a Roma, attraverso il voto della Giuria di Qualit\u00e0 composta da:\u00a0Massimo Bonelli\u00a0(direttore artistico del Concerto del Primo Maggio, presidente giuria),\u00a0Anna Rampinelli\u00a0(Senior PM Warner Music Italy),\u00a0Irma Ciccarelli\u00a0(Rockol),\u00a0Lucia Stacchiotti\u00a0(iCompany) ed\u00a0Enrico Capuano\u00a0(Cantautore).La finale si svolger\u00e0 a porte chiuse. Orari, location e informazioni tecniche saranno comunicati ai finalisti nei prossimi giorni. Il vincitore assoluto del contest sar\u00e0 infine proclamato durante il Concertone."},{"@context":"https:\/\/schema.org\/","@type":"BreadcrumbList","itemListElement":[{"@type":"ListItem","position":1,"name":"2023","item":"https:\/\/www.radiotime.it\/2023\/#breadcrumbitem"},{"@type":"ListItem","position":2,"name":"04","item":"https:\/\/www.radiotime.it\/2023\/\/04\/#breadcrumbitem"},{"@type":"ListItem","position":3,"name":"13","item":"https:\/\/www.radiotime.it\/2023\/\/04\/\/13\/#breadcrumbitem"},{"@type":"ListItem","position":4,"name":"CONCERTO DEL PRIMO MAGGIO 2023\u00a0Cresce l\u2019attesa per la trentatreesima edizione","item":"https:\/\/www.radiotime.it\/2023\/04\/13\/concerto-del-primo-maggio-2023-cresce-lattesa-per-la-trentatreesima-edizione\/#breadcrumbitem"}]}]