[{"@context":"https:\/\/schema.org\/","@type":"NewsArticle","@id":"https:\/\/www.radiotime.it\/2023\/06\/19\/irene-grandi-torna-live-con-io-in-blues-due-date-in-sicilia\/#NewsArticle","mainEntityOfPage":"https:\/\/www.radiotime.it\/2023\/06\/19\/irene-grandi-torna-live-con-io-in-blues-due-date-in-sicilia\/","headline":"Irene Grandi Torna live con &#8220;io in blues&#8221; due date in Sicilia","name":"Irene Grandi Torna live con &#8220;io in blues&#8221; due date in Sicilia","description":"IRENE GRANDI ANNUNCIATE LE NUOVE DATE DEL TOUR NAZIONALE DI \u201cIO IN BLUES\u201d due date in Sicilia &nbsp; 17\/06 \u2013 RAVARINO (MO) \u2013 Piazza Martiri della libert\u00e0 \u2013 Rassegna Giugno Ravarinese \u2013 IO IN BLUES 19\/06 \u2013\u00a0FASANO (BR)\u00a0\u2013 Piazza Ciaia \u2013 IO IN BLUES con Big Band di Paolo Lepore 22\/06 \u2013\u00a0VIAREGGIO\u00a0\u2013 Piazza Maria Luisa [&hellip;]","datePublished":"2023-06-19","dateModified":"2023-06-19","author":{"@type":"Person","@id":"https:\/\/www.radiotime.it\/author\/alessandro\/#Person","name":"Redazione","url":"https:\/\/www.radiotime.it\/author\/alessandro\/","identifier":5,"image":{"@type":"ImageObject","@id":"https:\/\/secure.gravatar.com\/avatar\/8376aa91354460349f0772b5903560ae?s=96&d=mm&r=g","url":"https:\/\/secure.gravatar.com\/avatar\/8376aa91354460349f0772b5903560ae?s=96&d=mm&r=g","height":96,"width":96}},"publisher":{"@type":"Organization","name":"RADIOTIME","logo":{"@type":"ImageObject","@id":"https:\/\/www.radiotime.it\/wp-content\/uploads\/2020\/02\/Logo_Time_1500-e1580898267395.png","url":"https:\/\/www.radiotime.it\/wp-content\/uploads\/2020\/02\/Logo_Time_1500-e1580898267395.png","width":600,"height":60}},"image":{"@type":"ImageObject","@id":"https:\/\/www.radiotime.it\/wp-content\/uploads\/2023\/06\/Irene-Grandi_ph.Luca-Brunetti_IMG_20230111_112921_831.jpg","url":"https:\/\/www.radiotime.it\/wp-content\/uploads\/2023\/06\/Irene-Grandi_ph.Luca-Brunetti_IMG_20230111_112921_831.jpg","height":1193,"width":1791},"url":"https:\/\/www.radiotime.it\/2023\/06\/19\/irene-grandi-torna-live-con-io-in-blues-due-date-in-sicilia\/","video":{"@context":"http:\/\/schema.org\/","@type":"VideoObject","@id":"https:\/\/www.youtube.com\/watch?v=MHBpFAM785I#VideoObject","contentUrl":"https:\/\/www.youtube.com\/watch?v=MHBpFAM785I","name":"Irene Grandi - E poi (Official Video)","description":"Irene Grandi - E poi (Official Video)\nAscolta \"E poi\" qui: https:\/\/irenegrandi.lnk.to\/Epoi \n\nAutori: S. Shapiro, A. Lo Vecchio \nEdizioni: Music Union, Warner Chappel\nEtichetta: Cose da Grandi\nProduzione artistica: Saverio Lanza e Irene Grandi\nRegistrato LIVE durante il tour \"Io in Blues\" e mixato da Massimo Barbieri\n\nBatteria: Fabrizio Morganti\nBasso: Piero Spitilli\nChitarra: Saverio Lanza\nOrgano hammond: Pippo Guarnera\n\nIdeazione e realizzazione video: Gr\u00e8gori Dassi\n\nIrene Grandi Official (\u00a92022 Cose da Grandi) \u2013 YouTube\nwww.irenegrandi.it\nhttps:\/\/www.youtube.com\/c\/IreneGrandiOfficialChannel \n\nManagement: Mauro Diazzi - maurodiazzi.com","thumbnailUrl":["https:\/\/i.ytimg.com\/vi\/MHBpFAM785I\/default.jpg","https:\/\/i.ytimg.com\/vi\/MHBpFAM785I\/mqdefault.jpg","https:\/\/i.ytimg.com\/vi\/MHBpFAM785I\/hqdefault.jpg","https:\/\/i.ytimg.com\/vi\/MHBpFAM785I\/sddefault.jpg","https:\/\/i.ytimg.com\/vi\/MHBpFAM785I\/maxresdefault.jpg"],"uploadDate":"2022-09-23T09:00:09+00:00","duration":"PT5M7S","embedUrl":"https:\/\/www.youtube.com\/embed\/MHBpFAM785I","publisher":{"@type":"Organization","@id":"https:\/\/www.youtube.com\/channel\/UCwk0a-70URURryCQHgtG2Dg#Organization","url":"https:\/\/www.youtube.com\/channel\/UCwk0a-70URURryCQHgtG2Dg","name":"IreneGrandiVEVO","description":"","logo":{"url":"https:\/\/yt3.ggpht.com\/VNww7PvTQI5Wr0OKzzA0QVUPOcWEyb4a66EypYn8TzzudH8ntJkYIDRj2w2xKACyhHl4QmE-yA=s800-c-k-c0x00ffffff-no-rj","width":800,"height":800,"@type":"ImageObject","@id":"https:\/\/www.youtube.com\/watch?v=MHBpFAM785I#VideoObject_publisher_logo_ImageObject"}},"potentialAction":{"@type":"SeekToAction","@id":"https:\/\/www.youtube.com\/watch?v=MHBpFAM785I#VideoObject_potentialAction","target":"https:\/\/www.youtube.com\/watch?v=MHBpFAM785I&t={seek_to_second_number}","startOffset-input":"required name=seek_to_second_number"},"interactionStatistic":[[{"@type":"InteractionCounter","@id":"https:\/\/www.youtube.com\/watch?v=MHBpFAM785I#VideoObject_interactionStatistic_WatchAction","interactionType":{"@type":"WatchAction"},"userInteractionCount":50706}],{"@type":"InteractionCounter","@id":"https:\/\/www.youtube.com\/watch?v=MHBpFAM785I#VideoObject_interactionStatistic_LikeAction","interactionType":{"@type":"LikeAction"},"userInteractionCount":984}]},"about":["News","News e Concerti"],"wordCount":833,"articleBody":"IRENE GRANDI ANNUNCIATE LE NUOVE DATE DEL TOUR NAZIONALE DI \u201cIO IN BLUES\u201d due date in Sicilia&nbsp;17\/06 \u2013 RAVARINO (MO) \u2013 Piazza Martiri della libert\u00e0 \u2013 Rassegna Giugno Ravarinese \u2013 IO IN BLUES19\/06 \u2013\u00a0FASANO (BR)\u00a0\u2013 Piazza Ciaia \u2013 IO IN BLUES con Big Band di Paolo Lepore22\/06 \u2013\u00a0VIAREGGIO\u00a0\u2013 Piazza Maria Luisa di Viareggio \u2013 Rassegna Toscana Arcobaleno d\u2019estate &#8211; IO IN BLUES23\/06 \u2013\u00a0TORRITA (SI)\u00a0\u2013 Piazza Matteotti \u2013 Torrita Blues Festival &#8211; IO IN BLUES25\/06 \u2013\u00a0BOLZANO\u00a0\u2013 Anfiteatro del parco delle semirurali \u2013 IO IN BLUES30\/06 \u2013\u00a0BARI\u00a0\u2013 Arena della pace &#8211; IO IN BLUES con Big Band di Paolo Lepore07\/07 &#8211;\u00a0MISANO ADRIATICO (RN)\u00a0&#8211; Piazza della Repubblica \u2013 La Notte Rosa \u2013 IO IN BLUES08\/07 &#8211;\u00a0BALDICHIERI D\u2019ASTI (AT)\u00a0&#8211; Piazza Romita &#8211; Monferrato on stage \u2013 IO IN BLUES09\/07 &#8211;\u00a0LEGNAGO (MI)\u00a0&#8211; Giardino della Fondazione Fioroni &#8211; Parole e Musica con Massimo Cotto (e Leonardo)12\/07 \u2013\u00a0FIESOLE\u00a0\u2013 Teatro Romano \u2013 IO IN BLUES13\/07 \u2013\u00a0SAVONA\u00a0\u2013 Piazza Sisto IV &#8211; IO IN BLUES15\/07 \u2013\u00a0COMO\u00a0\u2013 Arena del teatro sociale \u2013 IO IN BLUES18\/07 \u2013\u00a0BARONISSI (SA)\u00a0&#8211; Anfiteatro Comunale &#8211; Baronissi Blues Festival \u2013 IO IN BLUES20\/07 \u2013\u00a0MANCIANO (GR)\u00a0\u2013 Parco Giuseppe Mazzini \u2013 Street Music Festival \u2013 IO IN BLUES22\/07 &#8211;\u00a0GANGI (PA)\u00a0\u2013 Castelbuono Festival \u2013 IO IN BLUES23\/07 \u2013\u00a0PALERMO\u00a0\u2013 Villa Filippina \u2013 Castelbuono Festival \u2013 IO IN BLUES29\/07 \u2013\u00a0MONTECASSIANO (MC)\u00a0\u2013 Piazza Unit\u00e0 d\u2019Italia \u2013 MACSI Festival \u2013 IO IN BLUES31\/07 \u2013\u00a0PORTO SAN PAOLO (OT)\u00a0\u2013 Piazza Tavolara \u2013 IO IN BLUES03\/08 \u2013\u00a0BOLOGNA\u00a0\u2013 Giardini Porta Europa \u2013 CUBO LIVE \u2013 IO IN BLUES11\/08 \u2013\u00a0IMPERIA\u00a0\u2013 Banchina di Imperia Oneglia &#8211; Imperia Unplugged Festival \u2013 (performance in duo)16\/08 \u2013\u00a0VASTO (CH)\u00a0\u2013 Lungomare Ernesto Cardella \u2013 IO IN BLUES18\/08 \u2013\u00a0AGEROLA (NA)\u00a0\u2013 Parco Colonia Montana \u2013 IO IN BLUES01\/09 \u2013\u00a0SOLETO (LE)\u00a0\u2013 Festival I concerti nel Chiostro \u2013 IO IN BLUES20\/09 \u2013\u00a0VIGNOLA (MO)\u00a0\u2013 Teatro Fabbri \u2013 Festival della Poesia \u2013 parole e musica in duo con Max Frignani16\/11 \u2013\u00a0PADOVA\u00a0\u2013 Teatro Verdi \u2013 IO IN BLUES(*calendario in aggiornamento)Entra nel vivo il tour estivo di \u201cIo in Blues\u201d di IRENE GRANDI.Dopo una primavera ricca di concerti e l\u2019ottima accoglienza del vinile \u201cIo in blues live\u201d, presentato al Music Day di Roma lo scorso 16 aprile, Irene Grandi annuncia una serie di nuove date che la porteranno sui palchi dei maggiori festival italiani per tutta l\u2019estate.Il prossimo appuntamento \u00e8 il 19 giugno a Fasano (BR).&nbsp;Con \u201cIo in Blues\u201d Irene Grandi \u00e8 tornata al suo primo amore, quando si esibiva nei piccoli club, interpretando i grandi successi del blues e del soul dagli anni sessanta in poi, con omaggi a miti assoluti della musica cui oggi sono affiancate anche alcune riletture dei brani pi\u00f9 famosi della sua carriera. Nel repertorio dal vivo Irene Grandi presenta anche \u201cE Poi\u201d, suo personale omaggio alla grande Mina, rilettura del famoso brano del 1973, uscito con un video di animazione curato da Gr\u00e8gori Dessi.&nbsp;\u201cE poi\u201d di Irene Grandi:&nbsp;\u201cIO in Blues\u201d \u00e8 l\u2019atto d\u2019amore di una delle pi\u00f9 importanti cantanti italiane ad alcuni dei pi\u00f9 carismatici artisti internazionali e italiani che hanno reso, direttamente o indirettamente, immortale un genere che \u00e8 alla base di tutta la musica moderna che conosciamo; lo troviamo nel soul e nel rap, nel jazz e nel rock, nel funk, ovunque. Il Blues \u00e8 una madre che tutti accoglie e tutti ama, indistintamente.Etichette come la Stax, la Alligator e altre ancora, hanno prodotto un\u2019autentica rivoluzione, in un periodo nel quale la segregazione sociale, e dunque culturale, era la regola.&nbsp;\u201cIO in Blues\u201d \u00e8 anche un tributo appassionato alle radici di Irene, alla sua formazione musicale e alle prime esperienze sul palco, nelle quali ha ottenuto un imprinting che ha poi sviluppato in uno stile personale e riconoscibile.Dunque un concerto, un viaggio, fatto di brani che attraversano un arco temporale che va dagli anni \u201960 fino ai \u201990, canzoni che sono blues nell\u2019anima e nell\u2019ispirazione: Etta James, Otis Redding, Willie Dixon, Tracy Chapman, Sade, ma anche Pino Daniele, Lucio Battisti, Mina, e alcuni brani di Irene, riarrangiati in chiave rock-blues.&nbsp;Irene Grandi \u00e8 un\u2019artista che ha sempre cercato di cambiare pelle, per mettersi in gioco, per sperimentare. Lo dimostrano le sue collaborazioni pi\u00f9 diverse. che sono andate dai grandi standard italiani e internazionali riletti in chiave jazz con Stefano Bollani alla videoarte dei Pastis, dal pop della sua splendida carriera solista all\u2019opera rock come protagonista di The Witches Seed, composta da Stewart Copeland.&nbsp;IO IN BLUES &#8211; FORMAZIONE LIVE&nbsp;IRENE GRANDI &#8211; VoceMAX FRIGNANI &#8211; ChitarraPIERO SPITILLI &#8211; BassoFABRIZIO MORGANTI &#8211; BatteriaPIPPO GUARNERA &#8211; Hammond"},{"@context":"https:\/\/schema.org\/","@type":"BreadcrumbList","itemListElement":[{"@type":"ListItem","position":1,"name":"2023","item":"https:\/\/www.radiotime.it\/2023\/#breadcrumbitem"},{"@type":"ListItem","position":2,"name":"06","item":"https:\/\/www.radiotime.it\/2023\/\/06\/#breadcrumbitem"},{"@type":"ListItem","position":3,"name":"19","item":"https:\/\/www.radiotime.it\/2023\/\/06\/\/19\/#breadcrumbitem"},{"@type":"ListItem","position":4,"name":"Irene Grandi Torna live con &#8220;io in blues&#8221; due date in Sicilia","item":"https:\/\/www.radiotime.it\/2023\/06\/19\/irene-grandi-torna-live-con-io-in-blues-due-date-in-sicilia\/#breadcrumbitem"}]}]