[{"@context":"https:\/\/schema.org\/","@type":"NewsArticle","@id":"https:\/\/www.radiotime.it\/2024\/10\/29\/wadi-mercato-del-capo-tra-arte-e-musica-gli-eventi\/#NewsArticle","mainEntityOfPage":"https:\/\/www.radiotime.it\/2024\/10\/29\/wadi-mercato-del-capo-tra-arte-e-musica-gli-eventi\/","headline":"W\u0100D\u012a, Mercato del Capo tra Arte e Musica: gli eventi","name":"W\u0100D\u012a, Mercato del Capo tra Arte e Musica: gli eventi","description":"Dalla Fanfara dei Bersaglieri ai laboratori di pupi di zucchero passando per la realizzazione del cannolo pi\u00f9 lungo del mondo e i concerti all\u2019interno delle chiese. Si prepara ad essere una grande festa variegata quella in programma al Mercato Storico del Capo e Piazza Verdi di Palermo, dal 30 ottobre al 10 novembre. \u201cW\u0100D\u012a, Mercato [&hellip;]","datePublished":"2024-10-29","dateModified":"2024-10-29","author":{"@type":"Person","@id":"https:\/\/www.radiotime.it\/author\/staff\/#Person","name":"staff","url":"https:\/\/www.radiotime.it\/author\/staff\/","identifier":8,"image":{"@type":"ImageObject","@id":"https:\/\/secure.gravatar.com\/avatar\/8f004fcfadece6f5f68f901a61253afb?s=96&d=mm&r=g","url":"https:\/\/secure.gravatar.com\/avatar\/8f004fcfadece6f5f68f901a61253afb?s=96&d=mm&r=g","height":96,"width":96}},"publisher":{"@type":"Organization","name":"RADIOTIME","logo":{"@type":"ImageObject","@id":"https:\/\/www.radiotime.it\/wp-content\/uploads\/2020\/02\/Logo_Time_1500-e1580898267395.png","url":"https:\/\/www.radiotime.it\/wp-content\/uploads\/2020\/02\/Logo_Time_1500-e1580898267395.png","width":600,"height":60}},"image":{"@type":"ImageObject","@id":"https:\/\/www.radiotime.it\/wp-content\/uploads\/2024\/10\/IMG_1436.jpeg","url":"https:\/\/www.radiotime.it\/wp-content\/uploads\/2024\/10\/IMG_1436.jpeg","height":800,"width":1200},"url":"https:\/\/www.radiotime.it\/2024\/10\/29\/wadi-mercato-del-capo-tra-arte-e-musica-gli-eventi\/","about":["cultura","Eventi","News"],"wordCount":549,"keywords":["arte","eventi","Mercato del capo","musica"],"articleBody":"Dalla Fanfara dei Bersaglieri ai laboratori di pupi di zucchero passando per la realizzazione del cannolo pi\u00f9 lungo del mondo e i concerti all\u2019interno delle chiese. Si prepara ad essere una grande festa variegata quella in programma al Mercato Storico del Capo e Piazza Verdi di Palermo, dal 30 ottobre al 10 novembre. \u201cW\u0100D\u012a, Mercato del Capo tra Arte e Musica\u201d \u00e8 una rassegna di eventi realizzata dalla Proloco \u2018Caput Seralcadi\u2019, in collaborazione con Utop\u00eca e Incontro, per valorizzare e promuovere le antiche tradizioni del quartiere, un vero e proprio viaggio alla scoperta dell\u2019identit\u00e0 storica del Capo e di Palermo. &#8220;W\u0100D\u012a&#8221; indica il letto del fiume Papireto, il quartiere del Capo venne fondato al di l\u00e0 dell\u2019antico fiume Papireto in et\u00e0 musulmana, abitato dai cosiddetti Schiavoni, mercenari e commercianti di schiavi arabi.Il Mercato Storico del Capo \u00e8 uno dei luoghi pi\u00f9 caratteristici e vivaci di Palermo e, per dodici giorni, sar\u00e0 animato da attivit\u00e0, spettacoli, degustazioni e laboratori, celebrando la cultura, la gastronomia e l\u2019artigianato siciliano. I visitatori avranno l\u2019opportunit\u00e0 di assaporare le specialit\u00e0 culinarie siciliane e di ascoltare le storie dietro le loro creazioni. Tanti spettacoli musicali e teatrali: il mercato si trasformer\u00e0 in un palcoscenico all\u2019aperto con concerti dal vivo di musicisti e performance teatrali. Non mancheranno gli spazi dedicati ai pi\u00f9 piccoli, con attivit\u00e0 ludiche, racconti e laboratori creativi, per coinvolgere le famiglie e rendere l\u2019evento accessibile a tutti.Si parte mercoled\u00ec 30 ottobre, alle 10.30, con il laboratorio di Pupi di Zucchero, per le scuole, a cura della storica Fabbrica Bonadolci che ha sede proprio dentro il Mercato del Capo, l\u2019appuntamento \u00e8 in Piazza Concezione al Capo. Sabato 2 novembre \u00e8 la giornata dedicata ai defunti, a Piazza Verdi, alle 17.30, si cercher\u00e0 di battere il Guinness World Records con il cannolo pi\u00f9 lungo del mondo, un\u2019impresa firmata Fabbrica Arena, anch\u2019essa con sede dentro il Mercato del Capo. Sempre sabato 2 novembre, a Piazza Verdi, di fronte al Teatro Massimo, alle 11.00, lo spettacolo dei pupi, dal titolo \u201cIl duello di Orlando e Rinaldo per l\u2019amore della bella Angelica\u201d, realizzato dalla Compagnia \u2018Opera dei Pupi Brigliadoro\u2019 di Salvatore Bumbello, in replica, il 5 novembre, in Piazza Mercede, all\u2019interno del Mercato del Capo. Domenica 3 novembre, alle 10.00, \u00e8 grande festa con la Fanfara dei Bersaglieri che attraverser\u00e0 il Mercato del Capo.Da gioved\u00ec 7 a domenica 10 novembre diversi appuntamenti con: il Complesso Bandistico del Cavaliere Michele Cascino, inoltre in questo weekend saranno tanti gli artisti circensidisseminati lungo il Mercato e walking tour, in collaborazione con l&#8217;associazione \u2018Furriando Furriando\u2019 sempre alla scoperta del Mercato del Capo. Infine, sabato 9 novembre alle 18 in programma uno spettacolo teatrale per bambini al Teatro alla Guilla dal titolo &#8220;Portiere amore mio&#8221; di Domenico Bravo, con in scena Domenico Bravo, Marzia Coniglio e Valerio Strati. E poi il grande evento: \u2018Visioni, Open Churches\u2019, un\u2019iniziativa in collaborazione con Meeraqui, che dalle 17 a mezzanotte prevede concerti all\u2019interno delle chiese: Chiesa di San Gregorio, Chiesa Santa Maria della Mercede, Chiesa di San Cosma e Damiano, Piazza San Gregorio, e un dj set a Piazza San Gregorio.Per maggiori informazioni \u00e8 possibile scrivere ad Utop\u00eca attraverso i suoi canali social: https:\/\/www.instagram.com\/utopia_communicationevents\u00a0\u00a0https:\/\/www.facebook.com\/utopiaeventscommunication"},{"@context":"https:\/\/schema.org\/","@type":"BreadcrumbList","itemListElement":[{"@type":"ListItem","position":1,"name":"2024","item":"https:\/\/www.radiotime.it\/2024\/#breadcrumbitem"},{"@type":"ListItem","position":2,"name":"10","item":"https:\/\/www.radiotime.it\/2024\/\/10\/#breadcrumbitem"},{"@type":"ListItem","position":3,"name":"29","item":"https:\/\/www.radiotime.it\/2024\/\/10\/\/29\/#breadcrumbitem"},{"@type":"ListItem","position":4,"name":"W\u0100D\u012a, Mercato del Capo tra Arte e Musica: gli eventi","item":"https:\/\/www.radiotime.it\/2024\/10\/29\/wadi-mercato-del-capo-tra-arte-e-musica-gli-eventi\/#breadcrumbitem"}]}]