[{"@context":"https:\/\/schema.org\/","@type":"NewsArticle","@id":"https:\/\/www.radiotime.it\/2024\/10\/30\/ai-cantieri-culturali-della-zisa-tornano-le-giornate-nazionali-del-cinema-per-le-scuole-ecco-gli-eventi\/#NewsArticle","mainEntityOfPage":"https:\/\/www.radiotime.it\/2024\/10\/30\/ai-cantieri-culturali-della-zisa-tornano-le-giornate-nazionali-del-cinema-per-le-scuole-ecco-gli-eventi\/","headline":"Ai Cantieri Culturali della Zisa tornano le &#8220;Giornate Nazionali del Cinema per le Scuole&#8221;. Ecco gli eventi","name":"Ai Cantieri Culturali della Zisa tornano le &#8220;Giornate Nazionali del Cinema per le Scuole&#8221;. Ecco gli eventi","description":"Tornano, per il secondo anno consecutivo, le\u00a0Giornate\u00a0Nazionali del Cinema per la Scuola 2024, promosse da\u00a0Ministero dell\u2019Istruzione e del Merito\u00a0e da\u00a0Ministero della Cultura\u00a0in collaborazione con l\u2019Anec, Associazione nazionale esercenti cinematografici, la cui organizzazione rientra tra le attivit\u00e0 previste dal\u00a0Piano\u00a0Nazionale Cinema e Immagini per la Scuola. L\u2019iniziativa si svolger\u00e0 il\u00a04, 5 e 6 novembre\u00a0ai\u00a0Cantieri Culturali alla Zisa [&hellip;]","datePublished":"2024-10-30","dateModified":"2024-10-30","author":{"@type":"Person","@id":"https:\/\/www.radiotime.it\/author\/staff\/#Person","name":"staff","url":"https:\/\/www.radiotime.it\/author\/staff\/","identifier":8,"image":{"@type":"ImageObject","@id":"https:\/\/secure.gravatar.com\/avatar\/8f004fcfadece6f5f68f901a61253afb?s=96&d=mm&r=g","url":"https:\/\/secure.gravatar.com\/avatar\/8f004fcfadece6f5f68f901a61253afb?s=96&d=mm&r=g","height":96,"width":96}},"publisher":{"@type":"Organization","name":"RADIOTIME","logo":{"@type":"ImageObject","@id":"https:\/\/www.radiotime.it\/wp-content\/uploads\/2020\/02\/Logo_Time_1500-e1580898267395.png","url":"https:\/\/www.radiotime.it\/wp-content\/uploads\/2020\/02\/Logo_Time_1500-e1580898267395.png","width":600,"height":60}},"image":{"@type":"ImageObject","@id":"https:\/\/www.radiotime.it\/wp-content\/uploads\/2024\/10\/image-e1730282895353.png","url":"https:\/\/www.radiotime.it\/wp-content\/uploads\/2024\/10\/image-e1730282895353.png","height":857,"width":1356},"url":"https:\/\/www.radiotime.it\/2024\/10\/30\/ai-cantieri-culturali-della-zisa-tornano-le-giornate-nazionali-del-cinema-per-le-scuole-ecco-gli-eventi\/","about":["cultura","Eventi","News"],"wordCount":998,"keywords":["cantieri culturali","cinema","cultura","eventi","Palermo","Zisa"],"articleBody":"Tornano, per il secondo anno consecutivo, le\u00a0Giornate\u00a0Nazionali del Cinema per la Scuola 2024, promosse da\u00a0Ministero dell\u2019Istruzione e del Merito\u00a0e da\u00a0Ministero della Cultura\u00a0in collaborazione con l\u2019Anec, Associazione nazionale esercenti cinematografici, la cui organizzazione rientra tra le attivit\u00e0 previste dal\u00a0Piano\u00a0Nazionale Cinema e Immagini per la Scuola.L\u2019iniziativa si svolger\u00e0 il\u00a04, 5 e 6 novembre\u00a0ai\u00a0Cantieri Culturali alla Zisa di Palermo, gi\u00e0 teatro della prima edizione, con un calendario di appuntamenti rivolti soprattutto a\u00a0docenti,\u00a0dirigenti scolastici e DSGA,\u00a0nonch\u00e9 a operatori del settore, e con alcune proiezioni che saranno estese al pubblico fino ad esaurimento posti (con prenotazione alla mail\u00a0comunicazione.cips@istruzione.it). L\u2019organizzazione delle giornate a Palermo \u00e8 affidata anche quest\u2019anno all\u2019Istituto Comprensivo Statale \u201cGiuliana Saladino\u201d.In programma: masterclass, seminari, laboratori ed anteprime nazionali che trasformeranno per\u00a03 giorni\u00a0i Cantieri Culturali alla Zisa in una grande \u201cCitt\u00e0 del Cinema per la scuola\u201d portando a Palermo esperti del settore, attori, registi, case di produzione e distribuzione.Oltre\u00a01.300 presenze, 700 dirigenti scolastici e docenti\u00a0di tutt\u2019Italia a cui il programma \u00e8 dedicato e\u00a0550 studenti\u00a0delle scuole Palermitane che assisteranno alle proiezioni di \u201cFocus Palermo\u201d e del film\u00a0Il Ragazzo dai Pantaloni rosa.La tre giorni si aprir\u00e0 il\u00a04 novembre\u00a0alle ore 15:00 con la\u00a0cerimonia inaugurale\u00a0al Cinema De Seta promossa dal Ministero dell\u2019Istruzione e del Merito e dal Ministero della Cultura.Poi, alle 16:30, il via alla presentazione dei film per le scuole in uscita a cura del\u00a0Circuito Cinema Scuola,\u00a0e delle case di produzione e distribuzione\u00a0Universal Pictures\u00a0e\u00a0Warner Bros\u00a0con la proiezione del film di animazione di quest\u2019ultima:\u00a0Buffalo Kids\u00a0di Juan Jes\u00fas Garc\u00eda Galocha, Pedro Sol\u00eds Garc\u00eda (Spagna 2024, 93\u2019), nelle sale a partire dal 31 ottobre.Alle 20:30, in anteprima nazionale, la proiezione di \u201cCriature\u201d\u00a0(Italia 2024) di\u00a0C\u00e9cile Allegra\u00a0con Marco D\u2019Amore, tratto dall\u2019omonimo romanzo di Allegra.In programma anche altri film in uscita. Marted\u00ec 5 novembre alle ore 14:30,\u00a0Eterno visionario\u00a0di Michele Placido (Italia, Belgio 2024 | 112\u2019), sulla figura di Luigi Pirandello, in sala dal 7 novembre con\u00a001 Distribution. A Palermo, arriveranno per l\u2019occasione il regista\u00a0Michele Placido\u00a0e gli attori\u00a0Fabrizio Bentivoglio\u00a0e\u00a0Federica Luna Vincenti, tra i protagonisti del cast che interverranno al dibattito dedicato al film.Sul grande schermo del De Seta alle ore 21:00 anche\u00a0Familia\u00a0di\u00a0Francesco Costabile\u00a0(Italia 2024, 120\u2019), film vincitore del premio \u201cCinema for Unicef 2024\u201d\u00a0e tra i titoli in uscita per la scuola a cura di\u00a0Medusa\u00a0e alla presenza in sala dell\u2019attore\u00a0Francesco Di Leva.E ancora, mercoled\u00ec 6 novembre alle ore 11:30,\u00a0Il ragazzo dai pantaloni rosa, di\u00a0Margherita Ferri\u00a0(Italia 2024 | 123\u2019) sulla storia di Andrea Spezzacatena, il 15enne morto suicida a causa del bullismo a scuola. Ferri sar\u00e0 presente in sala e al dibattito successivo insieme al giovane attore protagonista\u00a0Samuele Carrino.Diverse le novit\u00e0 di quest\u2019anno, a partire dal \u201cRed Carpet al Contrario\u201d, su cui sfileranno docenti e studenti premiati per i lavori realizzati nell\u2019ambito dei progetti CIPS, Cinema per la scuola, in varie categorie. I migliori progetti selezionati saranno presentati nella mattinata del 6 novembre e premiati durante la cerimonia di chiusura delle Giornate Nazionali del Cinema per la Scuola, nel pomeriggio del 6 novembre.Altra novit\u00e0 il\u00a0Focus Palermo\u00a0con\u00a0proiezioni e incontri\u00a0al Cinema\u00a0De Seta\u00a0aperti a studentesse e studenti delle scuole e dedicati ai temi dei diritti e della legalit\u00e0,\u00a0in collaborazione con l\u2019associazione\u00a0Libera\u00a0e la\u00a0Rete per la cultura antimafia nella scuola.Si inizia il\u00a05 novembre\u00a0con la proiezione di\u00a0Il Giudice e il Boss\u00a0(Italia, 2024) di\u00a0Pasquale Scimeca\u00a0che, dopo Placido Rizzotto, torna con questo film a occuparsi di vittime di mafia meno conosciute, soprattutto tra i giovani, come il giudice Cesare Terranova con il fedele maresciallo Lenin Mancuso. Il regista parteciper\u00e0 a seguire anche ad un dibattito insieme al presidente del tribunale di Palermo\u00a0Piergiorgio Morosini\u00a0e al teologo\u00a0Don Cosimo Scordato.Il 6 novembre alle ore 09:30 sar\u00e0 la volta del film\u00a0Giuliana Saladino: come scrive una donna\u00a0di\u00a0Andrea Zulini,\u00a0Laura Schimmenti,\u00a0Marco Battaglia\u00a0e\u00a0Gianluca Donati.\u00a0Anche in questo caso seguir\u00e0 un talk con i registi,\u00a0Marcello Sorgi, editorialista del quotidiano\u00a0La Stampa\u00a0e\u00a0Matteo Di Figlia, docente di Storia all\u2019Universit\u00e0 di Palermo.Sempre al Cinema De Seta, nella stessa giornata (ore 14:30) si svolger\u00e0 anche l\u2019incontro dal titolo \u201cNon c\u2019era solo IDDU: la lotta alla mafia \u00e8 una scelta culturale\u201d con\u00a0Antonio Piazza\u00a0e\u00a0Fabio Grassadonia, autori e registi di uno dei film pi\u00f9 applauditi all\u2019ultimo Festival del Cinema di Venezia:\u00a0Iddu \u2013 l\u2019Ultimo Padrino\u00a0che racconta da un\u2019angolazione originale, la fine della latitanza del boss di Castelvetrano Matteo Messina Denaro.Articolati i\u00a0panel formativi\u00a0che vedranno in cattedra fondazioni, associazioni, esperti del Ministero dell\u2019Istruzione e del Merito e del Ministero della Cultura per formare sull\u2019educazione all\u2019immagine e sui vari aspetti dell\u2019audiovisivo docenti, dirigenti scolastici e personale della scuola: dalla comprensione all\u2019utilizzo didattico degli strumenti\u00a0dell\u2019audiovisivo,\u00a0Social e Intelligenza Artificiale comprese. 11 le lezioni in programma tra panel e laboratori a cura di:\u00a0Fondazione Sistema Toscana\u00a0e\u00a0Mediateca Lanterne Magiche;\u00a0Cinemovel Foundation; Fondazione Cineteca di Bologna;\u00a0Fondazione Cineteca di Bologna;\u00a0Associazione Culturale Zalab; Ente Autonomo Giffoni Experience;\u00a0Agis Lombardia;\u00a0Associazione culturale Playtown Roma;\u00a0Museo del Cinema \u2013 Fondazione Maria Adriana Prolo;\u00a0ACES-Sdc;\u00a0IIDEA\u00a0(Italian Interactive Digital Entertainment Association);\u00a0Fondazione Cineteca Italiana Milano.Previsti anche\u00a02 seminari: il primo a cura del Ministero dell\u2019Istruzione e del Merito e del Ministero della Cultura dedicato agli operatori di educazione visiva a scuola; il secondo sulla gestione amministrativa e contabile dei progetti del\u00a0Piano\u00a0Nazionale Cinema e Immagini per la Scuola\u00a0di MIM e MIC.Main media partner delle\u00a0Giornate Nazionali del Cinema Per la Scuola: il magazine online\u00a0Cinecitt\u00e0 NewsIl programma completo su\u00a0www.giornatecinemascuola.it\/"},{"@context":"https:\/\/schema.org\/","@type":"BreadcrumbList","itemListElement":[{"@type":"ListItem","position":1,"name":"2024","item":"https:\/\/www.radiotime.it\/2024\/#breadcrumbitem"},{"@type":"ListItem","position":2,"name":"10","item":"https:\/\/www.radiotime.it\/2024\/\/10\/#breadcrumbitem"},{"@type":"ListItem","position":3,"name":"30","item":"https:\/\/www.radiotime.it\/2024\/\/10\/\/30\/#breadcrumbitem"},{"@type":"ListItem","position":4,"name":"Ai Cantieri Culturali della Zisa tornano le &#8220;Giornate Nazionali del Cinema per le Scuole&#8221;. Ecco gli eventi","item":"https:\/\/www.radiotime.it\/2024\/10\/30\/ai-cantieri-culturali-della-zisa-tornano-le-giornate-nazionali-del-cinema-per-le-scuole-ecco-gli-eventi\/#breadcrumbitem"}]}]