[{"@context":"https:\/\/schema.org\/","@type":"NewsArticle","@id":"https:\/\/www.radiotime.it\/2024\/12\/03\/il-volo-annuncia-il-nuovo-singolo-tra-le-onde\/#NewsArticle","mainEntityOfPage":"https:\/\/www.radiotime.it\/2024\/12\/03\/il-volo-annuncia-il-nuovo-singolo-tra-le-onde\/","headline":"Il Volo annuncia il nuovo singolo &#8220;Tra le onde&#8221;","name":"Il Volo annuncia il nuovo singolo &#8220;Tra le onde&#8221;","description":"Dopo la release di\u00a0Ad Astra (International Edition)\u00a0&#8211; la nuova versione internazionale dell\u2019ultimo progetto discografico, arricchita da cinque nuove tracce tra cui\u00a0Capolavoro (English Version)\u00a0&#8211;\u00a0IL VOLO\u00a0annuncia\u00a0Tra le onde,\u00a0il\u00a0nuovo singolo disponibile\u00a0dal 6 dicembre in radio e su tutte le piattaforme digitali\u00a0per Epic Records\/Sony Music Italy. Tra le onde\u00a0&#8211; scritto da\u00a0Stefano Marletta\u00a0e\u00a0Michael Tenisci\u00a0e prodotto da\u00a0Michael Tenisci\u00a0e\u00a0E.D.D.\u00a0&#8211; ci trascina fin [&hellip;]","datePublished":"2024-12-03","dateModified":"2024-12-03","author":{"@type":"Person","@id":"https:\/\/www.radiotime.it\/author\/staff\/#Person","name":"staff","url":"https:\/\/www.radiotime.it\/author\/staff\/","identifier":8,"image":{"@type":"ImageObject","@id":"https:\/\/secure.gravatar.com\/avatar\/8f004fcfadece6f5f68f901a61253afb?s=96&d=mm&r=g","url":"https:\/\/secure.gravatar.com\/avatar\/8f004fcfadece6f5f68f901a61253afb?s=96&d=mm&r=g","height":96,"width":96}},"publisher":{"@type":"Organization","name":"RADIOTIME","logo":{"@type":"ImageObject","@id":"https:\/\/www.radiotime.it\/wp-content\/uploads\/2020\/02\/Logo_Time_1500-e1580898267395.png","url":"https:\/\/www.radiotime.it\/wp-content\/uploads\/2020\/02\/Logo_Time_1500-e1580898267395.png","width":600,"height":60}},"image":{"@type":"ImageObject","@id":"https:\/\/www.radiotime.it\/wp-content\/uploads\/2024\/12\/il-volo_tra-le-onde_def-600x600-1.jpg","url":"https:\/\/www.radiotime.it\/wp-content\/uploads\/2024\/12\/il-volo_tra-le-onde_def-600x600-1.jpg","height":600,"width":600},"url":"https:\/\/www.radiotime.it\/2024\/12\/03\/il-volo-annuncia-il-nuovo-singolo-tra-le-onde\/","about":["musica","News"],"wordCount":513,"keywords":["il volo","singolo"],"articleBody":"Dopo la release di\u00a0Ad Astra (International Edition)\u00a0&#8211; la nuova versione internazionale dell\u2019ultimo progetto discografico, arricchita da cinque nuove tracce tra cui\u00a0Capolavoro (English Version)\u00a0&#8211;\u00a0IL VOLO\u00a0annuncia\u00a0Tra le onde,\u00a0il\u00a0nuovo singolo disponibile\u00a0dal 6 dicembre in radio e su tutte le piattaforme digitali\u00a0per Epic Records\/Sony Music Italy.Tra le onde\u00a0&#8211; scritto da\u00a0Stefano Marletta\u00a0e\u00a0Michael Tenisci\u00a0e prodotto da\u00a0Michael Tenisci\u00a0e\u00a0E.D.D.\u00a0&#8211; ci trascina fin dalle prime note in un\u2019atmosfera sognante attraverso un\u2019intima base al pianoforte che ricorda l\u2019abbraccio di un mare tranquillo. L\u2019intensit\u00e0 cresce a mano a mano con l\u2019aggiunta degli archi che si innalzano come onde in tempesta, fino a esplodere nel ritornello dove le voci di\u00a0Piero Barone, Ignazio Boschetto\u00a0e\u00a0Gianluca Ginoble\u00a0si intrecciano creando un\u2019armonia perfetta.\u201cLa vita \u00e8 come un corso d\u2019acqua \/ passa sotto di noi \/ che restiamo insieme tra le onde\u201d\u00a0canta IL VOLO in questo brano che parla di tenacia e di quella forza interiore che ci permette di aggrapparci alle cose davvero importanti anche quando la vita sembra travolgerci.\u00a0Tra le onde\u00a0ci invita a lasciarci andare al flusso della vita e a farci guidare dalla forza dell\u2019amore, affrontando ogni tempesta con coraggio, senza mai arrenderci di fronte alle difficolt\u00e0. \u00c8 un inno alla presenza di chi ci sostiene nei momenti pi\u00f9 difficili, ricordando che, pur coltivando la nostra solitudine e il nostro spazio interiore, la vera ricchezza sta nel condividerlo con chi amiamo.\u201cTra le onde\u00a0\u00e8 un tassello fondamentale del viaggio musicale di\u00a0Ad Astra, il nostro primo album di inediti. La canzone \u00e8 nata dal desiderio di mettere in luce le nostre tre diverse vocalit\u00e0, trovando un equilibrio tra la nostra identit\u00e0 artistica e un respiro internazionale. L\u2019idea era quella di fondere il nostro stile con influenze del pop inglese, esplorando sonorit\u00e0 fresche e moderne senza mai perdere ci\u00f2 che ci caratterizza. La vera sfida \u00e8 stata creare un ritornello che fosse tanto memorabile quanto cantabile, capace di esaltare le nostre vocalit\u00e0 pi\u00f9 classiche e al tempo stesso aprirsi a nuove interpretazioni.\u201d \u2013\u00a0IL VOLODopo il successo degli straordinari live &#8211; molti dei quali sold out &#8211; nelle principali capitali europee, a\u00a0gennaio 2025\u00a0\u00e8 in partenza\u00a0Tutti Per Uno \u2013 Ad Astra Live Nei Palasport,\u00a0il tour nei palazzetti italiani\u00a0prodotto da Friends &amp; Partners, dove risuoneranno\u00a0Tra le onde\u00a0e tutti i brani di\u00a0Ad Astra (International Edition).\u00a0Il tour si aprir\u00e0 a\u00a0Jesolo\u00a0(@ Palazzo del Turismo, 10 gennaio) e proseguir\u00e0 con le date di\u00a0Milano\u00a0(@ Unipol Forum, 11 gennaio),\u00a0Treviso\u00a0(@ Palaverde, 13 gennaio),\u00a0Firenze\u00a0(@ Nelson Mandela Forum, 15 gennaio),\u00a0Bologna\u00a0(@ Unipol Arena, 17 gennaio),\u00a0Torino\u00a0(@ Inalpi Arena, 18 gennaio),\u00a0Roma\u00a0(@ Palazzo dello Sport, 21 gennaio),\u00a0Eboli\u00a0(@ Palasele, 23 gennaio),\u00a0Bari\u00a0(@ Palaflorio, 24 gennaio),\u00a0Messina\u00a0(@ Palarescifina, 26 gennaio).\u00a0I biglietti sono disponibili su Ticketone.Successivamente al tour nei palasport italiani,\u00a0IL VOLO\u00a0sar\u00e0 impegnato con altre attesissime date del 2024\/2025 World Tour negli\u00a0USA, in\u00a0Canada\u00a0e in\u00a0America Latina."},{"@context":"https:\/\/schema.org\/","@type":"BreadcrumbList","itemListElement":[{"@type":"ListItem","position":1,"name":"2024","item":"https:\/\/www.radiotime.it\/2024\/#breadcrumbitem"},{"@type":"ListItem","position":2,"name":"12","item":"https:\/\/www.radiotime.it\/2024\/\/12\/#breadcrumbitem"},{"@type":"ListItem","position":3,"name":"03","item":"https:\/\/www.radiotime.it\/2024\/\/12\/\/03\/#breadcrumbitem"},{"@type":"ListItem","position":4,"name":"Il Volo annuncia il nuovo singolo &#8220;Tra le onde&#8221;","item":"https:\/\/www.radiotime.it\/2024\/12\/03\/il-volo-annuncia-il-nuovo-singolo-tra-le-onde\/#breadcrumbitem"}]}]