[{"@context":"https:\/\/schema.org\/","@type":"NewsArticle","@id":"https:\/\/www.radiotime.it\/2025\/02\/05\/omaggio-alle-canzoni-di-battisti-e-mogol-il-tour-del-decennale-torna-in-sicilia-ecco-le-date\/#NewsArticle","mainEntityOfPage":"https:\/\/www.radiotime.it\/2025\/02\/05\/omaggio-alle-canzoni-di-battisti-e-mogol-il-tour-del-decennale-torna-in-sicilia-ecco-le-date\/","headline":"Omaggio alle canzoni di Battisti e Mogol . \u201cIl tour del decennale\u201d torna in Sicilia: ecco le date","name":"Omaggio alle canzoni di Battisti e Mogol . \u201cIl tour del decennale\u201d torna in Sicilia: ecco le date","description":"Dopo il grande successo estivo, torna in\u00a0Sicilia, per tre date,\u00a0Canto Libero,\u00a0un grande spettacolo che omaggia il\u00a0periodo d\u2019oro della storica accoppiata Mogol \u2013 Battisti.\u00a0\u201cIl tour del decennale\u201d\u00a0far\u00e0 tappa il\u00a027 febbraio al Teatro Metropolitan di Catania, il 28 febbraio al Teatro\u00a0Golden di Palermo e l\u20191 marzo al Forum Palabellavia di Agrigento\u00a0(clicca qui per i biglietti\u00a0\u2013\u00a0organizzazione Menti Associate [&hellip;]","datePublished":"2025-02-05","dateModified":"2025-02-05","author":{"@type":"Person","@id":"https:\/\/www.radiotime.it\/author\/staff\/#Person","name":"staff","url":"https:\/\/www.radiotime.it\/author\/staff\/","identifier":8,"image":{"@type":"ImageObject","@id":"https:\/\/secure.gravatar.com\/avatar\/8f004fcfadece6f5f68f901a61253afb?s=96&d=mm&r=g","url":"https:\/\/secure.gravatar.com\/avatar\/8f004fcfadece6f5f68f901a61253afb?s=96&d=mm&r=g","height":96,"width":96}},"publisher":{"@type":"Organization","name":"RADIOTIME","logo":{"@type":"ImageObject","@id":"https:\/\/www.radiotime.it\/wp-content\/uploads\/2020\/02\/Logo_Time_1500-e1580898267395.png","url":"https:\/\/www.radiotime.it\/wp-content\/uploads\/2020\/02\/Logo_Time_1500-e1580898267395.png","width":600,"height":60}},"image":{"@type":"ImageObject","@id":"https:\/\/www.radiotime.it\/wp-content\/uploads\/2025\/02\/mogol.jpg","url":"https:\/\/www.radiotime.it\/wp-content\/uploads\/2025\/02\/mogol.jpg","height":689,"width":1034},"url":"https:\/\/www.radiotime.it\/2025\/02\/05\/omaggio-alle-canzoni-di-battisti-e-mogol-il-tour-del-decennale-torna-in-sicilia-ecco-le-date\/","about":["musica","News"],"wordCount":1164,"keywords":["#tour","Battisti","Mogol","Sicilia"],"articleBody":"Dopo il grande successo estivo, torna in\u00a0Sicilia, per tre date,\u00a0Canto Libero,\u00a0un grande spettacolo che omaggia il\u00a0periodo d\u2019oro della storica accoppiata Mogol \u2013 Battisti.\u00a0\u201cIl tour del decennale\u201d\u00a0far\u00e0 tappa il\u00a027 febbraio al Teatro Metropolitan di Catania, il 28 febbraio al Teatro\u00a0Golden di Palermo e l\u20191 marzo al Forum Palabellavia di Agrigento\u00a0(clicca qui per i biglietti\u00a0\u2013\u00a0organizzazione Menti Associate e Good Vibration).\u00a0Uno spettacolo acclamato da ormai 10 anni nei teatri italiani, un tuffo nelle canzoni pi\u00f9 belle del mitico duo che ha cambiato la storia della musica italiana, interpretate magicamente da una band di 10 musicisti straordinari in uno spettacolo curato nei minimi particolari.\u00a0Sul palco, un ensemble di\u00a0musicisti\u00a0affiatati,\u00a0che\u00a0portano\u00a0avanti\u00a0questo\u00a0comune\u00a0progetto\u00a0con\u00a0grande\u00a0determinazione. Dopo aver riempito piazze e teatri in giro per l\u2019Italia (e anche in\u00a0Slovenia, Croazia e Montenegro), un grande\u00a0riconoscimento del loro valore artistico\u00a0arriva\u00a0a\u00a0\ufb01ne\u00a02015\u00a0con\u00a0uno\u00a0spettacolo\u00a0sold\u00a0out\u00a0al\u00a0Teatro\u00a0Rossetti\u00a0di\u00a0Trieste\u00a0che\u00a0vede\u00a0anche la partecipazione straordinaria di Mogol\u00a0in persona, che d\u00e0 la benedizione\u00a0ufficiale al Canto Libero. L\u2019esperienza si ripete ad aprile 2017, quando Mogol torna\u00a0sul palco con la band nella data udinese per l\u2019ennesimo sold out al Giovanni da\u00a0Udine.\u00a0Nel\u00a0settembre\u00a02018\u00a0Mogol\u00a0\u00e8\u00a0di\u00a0nuovo\u00a0con\u00a0Canto\u00a0Libero\u00a0al\u00a0Teatro\u00a0Romano\u00a0di\u00a0Verona per il concerto del ventennale dalla scomparsa di Lucio.\u00a0In quell\u2019occasione\u00a0non\u00a0ha\u00a0paura\u00a0di\u00a0esagerare\u00a0dichiarando\u00a0che\u00a0la\u00a0band\u00a0la\u00a0prossima\u00a0volta\u00a0dovrebbe\u00a0suonare\u00a0all\u2019Arena!\u00a0\u00abMogol\u00a0dopo\u00a0un\u00a0concerto\u00a0ci\u00a0ha\u00a0detto:\u00a0avete\u00a0suonato\u00a0esattamente come\u00a0avrebbe\u00a0voluto\u00a0Battisti\u00a0\u2013\u00a0racconta\u00a0il\u00a0frontman\u00a0di\u00a0Canto\u00a0Libero\u00a0\u2013.\u00a0\u00c8\u00a0stato\u00a0uno\u00a0dei\u00a0pi\u00f9\u00a0bei\u00a0complimenti.\u00a0Ha\u00a0apprezzato\u00a0gli\u00a0arrangiamenti,\u00a0ha\u00a0capito\u00a0che\u00a0abbiamo\u00a0lavorato tanto e siamo riusciti a tirare fuori tutta la musica che Lucio aveva dentro: il\u00a0blues,\u00a0il\u00a0rock, il\u00a0soul\u00bb.\u00a0Uno spettacolo con alle spalle gi\u00e0 diversi tour a partire dal 2015 in teatri di prestigio come il Dal Verme di Milano, il Duse di Bologna, il Filarmonico di Verona, Il Ponchielli di Cremona, l\u2019Olimpico di Roma, il Gran Teatro Geox di Padova, il Politeama Rossetti di Trieste, il Colosseo di Torino, il Politeama Genovese, la Tuscany Hall di Firenze, il Goldoni di Livorno e tanti altri, registrando quasi sempre il sold out.\u00abAnnunciare le date teatrali \u2013 dichiara la band \u2013 \u00e8 per noi sempre una grande emozione e gioia, perch\u00e9 pur avendo alle spalle pi\u00f9 di qualche tour, quando saliamo sul palco e vi troviamo difronte a noi c\u2019\u00e8 sempre qualcosa di magico&#8230; inoltre siamo felicissimi di poter arrivare in posti per noi nuovi, dove siamo sicuri che l\u2019amore per Lucio sar\u00e0 fortissimo come in tutte le altre citt\u00e0 che finora abbiamo toccato in tutti questi anni!\u00bb.\u00a0Con la produzione della\u00a0Good Vibrations Entertainment, Canto Libero nasce da\u00a0Fabio \u201cRed\u201d Rosso\u00a0\u00abL\u2019idea era partita da me\u00a0\u2013\u00a0commenta il cantante\u00a0\u2013\u00a0avevo il\u00a0desiderio di omaggiare il pi\u00f9 grande artista della musica italiana. Canto Libero non \u00e8\u00a0una mera copia dell\u2019originale, non ci sono travestimenti per emulare e il pubblico\u00a0apprezza\u00bb, con la direzione musicale di Giovanni Vianelli.La band propone uno\u00a0spettacolo\u00a0che\u00a0omaggia\u00a0s\u00ec\u00a0Battisti\u00a0e\u00a0Mogol,\u00a0ma\u00a0che\u00a0va\u00a0ben\u00a0oltre\u00a0alla\u00a0semplice\u00a0esecuzione di cover dei brani dei classici del repertorio dei due: Canto Libero, infatti,\u00a0rilegge gli originali mantenendo una certa aderenza ma cercando di non risultare\u00a0semplice copia, mettendoci la propria personalit\u00e0 e sensibilit\u00e0 musicale e facendo\u00a0emergere\u00a0anche\u00a0tutta\u00a0l\u2019anima\u00a0blues\u00a0e\u00a0rock\u00a0che\u00a0Battisti\u00a0aveva.\u00a0Spiega\u00a0il\u00a0frontman\u00a0della\u00a0band:\u00a0\u00abDopo aver studiato molto la sua musica, Battisti mi ha sorpreso ancor di pi\u00f9.\u00a0Secondo me, \u00e8 stato il pi\u00f9 grande artista che abbia mai attraversato il panorama\u00a0musicale italiano, per quantit\u00e0 e qualit\u00e0 di brani. \u201cUn genio della melodia\u201d come l\u2019ha\u00a0de\ufb01nito David Bowie. E poi, io amo anche la sua voce. Quando sono sul palco, ho\u00a0grande\u00a0rispetto\u00a0per\u00a0quel\u00a0che\u00a0faccio,\u00a0intendo\u00a0nei\u00a0suoi\u00a0confronti,\u00a0e\u00a0spero\u00a0sempre\u00a0di\u00a0farlo\u00a0al\u00a0meglio.\u00a0Di\u00a0certo\u00a0ci\u00a0metto\u00a0tutto\u00a0me\u00a0stesso.\u00a0E\u00a0spero\u00a0di\u00a0trasmetterlo\u00a0al\u00a0pubblico. \u00c8 uno spettacolo studiato nei minimi dettagli, nulla \u00e8 lasciato al caso, arrangiamenti curatissimi, dinamiche e scenogra\ufb01e, videoproiezioni. Insomma, ci abbiamo messo il cuore\u00bb.Giovanni Vianelli aggiunge:\u00a0\u00abDa parte mia non c\u2019\u00e8 nessuna intenzione di rendere\u00a0\u201cattuale\u201d il sound delle canzoni di Lucio Battisti. Noi cerchiamo solo il sound giusto\u00a0nei limiti delle nostre possibilit\u00e0, e non lo facciamo in modo attuale, ma in modo\u00a0volutamente classico: non usiamo click se non come riferimento iniziale, nessuna\u00a0sequenza,\u00a0ci\u00a0sincronizziamo\u00a0spontaneamente\u00a0con\u00a0i\u00a0\ufb01lmati,\u00a0suoniamo\u00a0con\u00a0la\u00a0strumentazione del buon vecchio rock, saliamo in dieci sul palco fregandocene delle\u00a0attuali esigenze del mercato. Queste sono cose che il nostro pubblico apprezza, e io\u00a0sono totalmente d\u2019accordo con loro! Ogni grande band apprende dalle altre ma deve\u00a0andare alla ricerca del proprio sound, altrimenti non sar\u00e0 che una brutta copia, \u00e8\u00a0inevitabile. Nella nostra band ogni musicista ha il suo stile ed \u00e8 amato per il suo stile.\u00a0Io\u00a0mi preoccupo di incanalarlo nella\u00a0canzone\u00bb.\u00a0Nell\u2019estate 2017 \u00e8 uscito l\u2019album della band composto da brani registrati live in\u00a0studio\u00a0(all\u2019Urban\u00a0Recording\u00a0della\u00a0Casa\u00a0della\u00a0Musica\u00a0di\u00a0Trieste)\u00a0e\u00a0nei\u00a0teatri\u00a0italiani.\u00a0Nel\u00a02019 \u00e8 uscito il secondo cd, realizzato sempre tra i concerti e la presa diretta in\u00a0studio, contiene dieci brani registrati all\u2019Urban Studio della Casa della Musica da\u00a0Fulvio Zafret e masterizzato negli Usa, allo Sterling Sound di Nashville. La band sta\u00a0lavorando\u00a0ora\u00a0a\u00a0un terzo\u00a0capitolo\u00a0in uscita\u00a0nel\u00a02024.\u00a0La voce di\u00a0Fabio \u201cRed\u201d Rosso, il pianoforte e la direzione musicale di\u00a0Giovanni Vianelli, le chitarre di\u00a0Emanuele \u201cGraffo\u201d Grafitti\u00a0e\u00a0Luigi Di Campo,\u00a0Alessandro Sala\u00a0al basso e alla programmazione computer, la batteria di\u00a0Jimmy Bolco, le percussioni e la batteria di\u00a0Marco Vattovani,\u00a0Luca Piccolo\u00a0alle tastiere, le splendide voci di\u00a0Joy Jenkins\u00a0e\u00a0Michela Grilli\u00a0e l\u2019eccezionalie ingegnere del suono\u00a0Jan Baruca\u00a0rileggono \u201cLa canzone del sole\u201d, \u201cUna donna per amico\u201d, \u201cAncora tu\u201d, \u201cE penso a te\u201d&#8230; e gli altri grandi successi di Battisti che hanno fatto e fanno tuttora sognare intere generazioni. Ormai il repertorio arriva a quasi 50 canzoni che vengono alternate nei vari tour!Canto Libero si avvale spesso di ospiti prestigiosi, musicisti di fama internazionale come il trombettista\u00a0Flavio Boltro\u00a0(tra gli altri ha suonato con Michel Petrucciani), il sassofonista jazz\u00a0Marco Castelli, il fisarmonicista ungherese\u00a0Mih\u00e1ly Husz\u00e1r\u00a0(Branduardi).Canto Libero sostiene la LILT (Lega italiana per la lotta contro i tumori): spesso ai concerti troverete i loro banchetti informativi."},{"@context":"https:\/\/schema.org\/","@type":"BreadcrumbList","itemListElement":[{"@type":"ListItem","position":1,"name":"2025","item":"https:\/\/www.radiotime.it\/2025\/#breadcrumbitem"},{"@type":"ListItem","position":2,"name":"02","item":"https:\/\/www.radiotime.it\/2025\/\/02\/#breadcrumbitem"},{"@type":"ListItem","position":3,"name":"05","item":"https:\/\/www.radiotime.it\/2025\/\/02\/\/05\/#breadcrumbitem"},{"@type":"ListItem","position":4,"name":"Omaggio alle canzoni di Battisti e Mogol . \u201cIl tour del decennale\u201d torna in Sicilia: ecco le date","item":"https:\/\/www.radiotime.it\/2025\/02\/05\/omaggio-alle-canzoni-di-battisti-e-mogol-il-tour-del-decennale-torna-in-sicilia-ecco-le-date\/#breadcrumbitem"}]}]