[{"@context":"https:\/\/schema.org\/","@type":"NewsArticle","@id":"https:\/\/www.radiotime.it\/2026\/01\/06\/giusy-ferreri-sorprende-con-musica-classica-un-nuovo-capitolo-tra-eleganza-e-sperimentazione\/#NewsArticle","mainEntityOfPage":"https:\/\/www.radiotime.it\/2026\/01\/06\/giusy-ferreri-sorprende-con-musica-classica-un-nuovo-capitolo-tra-eleganza-e-sperimentazione\/","headline":"Giusy Ferreri sorprende con \u201cMusica Classica\u201d: un nuovo capitolo tra eleganza e sperimentazione","name":"Giusy Ferreri sorprende con \u201cMusica Classica\u201d: un nuovo capitolo tra eleganza e sperimentazione","description":"Giusy Ferreri torna a stupire il pubblico con \u201cMusica Classica\u201d, un brano che segna una svolta artistica e mette in luce una nuova sfumatura della sua voce. L\u2019artista, da sempre riconoscibile per il timbro graffiato e la capacit\u00e0 di fondere pop e sonorit\u00e0 mediterranee, questa volta si avvicina a un immaginario pi\u00f9 raffinato, quasi cinematografico. [&hellip;]","datePublished":"2026-01-06","dateModified":"2026-01-06","author":{"@type":"Person","@id":"https:\/\/www.radiotime.it\/author\/alessandro\/#Person","name":"Redazione","url":"https:\/\/www.radiotime.it\/author\/alessandro\/","identifier":5,"image":{"@type":"ImageObject","@id":"https:\/\/secure.gravatar.com\/avatar\/8376aa91354460349f0772b5903560ae?s=96&d=mm&r=g","url":"https:\/\/secure.gravatar.com\/avatar\/8376aa91354460349f0772b5903560ae?s=96&d=mm&r=g","height":96,"width":96}},"publisher":{"@type":"Organization","name":"RADIOTIME","logo":{"@type":"ImageObject","@id":"https:\/\/www.radiotime.it\/wp-content\/uploads\/2020\/02\/Logo_Time_1500-e1580898267395.png","url":"https:\/\/www.radiotime.it\/wp-content\/uploads\/2020\/02\/Logo_Time_1500-e1580898267395.png","width":600,"height":60}},"image":{"@type":"ImageObject","@id":"https:\/\/www.radiotime.it\/wp-content\/uploads\/2026\/01\/Giusy-Ferreri.webp","url":"https:\/\/www.radiotime.it\/wp-content\/uploads\/2026\/01\/Giusy-Ferreri.webp","height":675,"width":1200},"url":"https:\/\/www.radiotime.it\/2026\/01\/06\/giusy-ferreri-sorprende-con-musica-classica-un-nuovo-capitolo-tra-eleganza-e-sperimentazione\/","about":["musica"],"wordCount":292,"articleBody":"Giusy Ferreri torna a stupire il pubblico con \u201cMusica Classica\u201d, un brano che segna una svolta artistica e mette in luce una nuova sfumatura della sua voce.L\u2019artista, da sempre riconoscibile per il timbro graffiato e la capacit\u00e0 di fondere pop e sonorit\u00e0 mediterranee, questa volta si avvicina a un immaginario pi\u00f9 raffinato, quasi cinematografico.\ud83c\udfbc Un titolo che incuriosisceIl titolo \u201cMusica Classica\u201d gioca con un doppio significato: da un lato richiama l\u2019eleganza delle grandi composizioni orchestrali, dall\u2019altro diventa metafora di qualcosa di \u201cclassico\u201d, intramontabile, che resiste al tempo. Ferreri utilizza questa immagine per raccontare sentimenti che non passano mai di moda, come l\u2019amore, la nostalgia e il desiderio di autenticit\u00e0.\ud83c\udfb6 Sonorit\u00e0 nuove, ma sempre riconoscibiliIl brano si distingue per:arrangiamenti pi\u00f9 orchestrali e avvolgentiun uso delicato degli archiun ritmo lento ma intensouna produzione che valorizza la voce unica di GiusyPur esplorando territori nuovi, Ferreri non rinuncia alla sua identit\u00e0: il risultato \u00e8 un equilibrio tra modernit\u00e0 e tradizione.\u270d\ufe0f Un testo che parla di radici e verit\u00e0\u201cMusica Classica\u201d racconta la ricerca di qualcosa di puro, essenziale, che resista alle mode e alle complicazioni della vita quotidiana. \u00c8 un invito a ritrovare la semplicit\u00e0, a riconnettersi con ci\u00f2 che davvero conta.Tra i temi principali:il valore delle emozioni autentichela nostalgia come forza creativail bisogno di rallentare e ascoltarsi\ud83c\udf1f Un nuovo tassello nella carriera di Giusy FerreriCon questo brano, Giusy Ferreri dimostra ancora una volta la sua capacit\u00e0 di reinventarsi senza perdere la propria essenza. \u201cMusica Classica\u201d potrebbe essere l\u2019inizio di un percorso pi\u00f9 ampio, magari legato a un nuovo album o a un progetto dal respiro pi\u00f9 artistico."},{"@context":"https:\/\/schema.org\/","@type":"BreadcrumbList","itemListElement":[{"@type":"ListItem","position":1,"name":"2026","item":"https:\/\/www.radiotime.it\/2026\/#breadcrumbitem"},{"@type":"ListItem","position":2,"name":"01","item":"https:\/\/www.radiotime.it\/2026\/\/01\/#breadcrumbitem"},{"@type":"ListItem","position":3,"name":"06","item":"https:\/\/www.radiotime.it\/2026\/\/01\/\/06\/#breadcrumbitem"},{"@type":"ListItem","position":4,"name":"Giusy Ferreri sorprende con \u201cMusica Classica\u201d: un nuovo capitolo tra eleganza e sperimentazione","item":"https:\/\/www.radiotime.it\/2026\/01\/06\/giusy-ferreri-sorprende-con-musica-classica-un-nuovo-capitolo-tra-eleganza-e-sperimentazione\/#breadcrumbitem"}]}]