[{"@context":"https:\/\/schema.org\/","@type":"NewsArticle","@id":"https:\/\/www.radiotime.it\/2026\/03\/08\/oltre-la-mimosa-la-forza-che-non-aspetta-l8-marzo\/#NewsArticle","mainEntityOfPage":"https:\/\/www.radiotime.it\/2026\/03\/08\/oltre-la-mimosa-la-forza-che-non-aspetta-l8-marzo\/","headline":"Oltre la mimosa: la forza che non aspetta l\u20198 marzo","name":"Oltre la mimosa: la forza che non aspetta l\u20198 marzo","description":"L&#8217;8 marzo non \u00e8 solo una ricorrenza sul calendario, ma un momento sospeso tra la memoria di ci\u00f2 che \u00e8 stato e la visione di ci\u00f2 che deve ancora cambiare. Spesso ridotta a un semplice omaggio floreale, questa giornata custodisce in realt\u00e0 una forza che va ben oltre il giallo dei petali di mimosa. Le [&hellip;]","datePublished":"2026-03-08","dateModified":"2026-03-08","author":{"@type":"Person","@id":"https:\/\/www.radiotime.it\/author\/alessandro\/#Person","name":"Redazione","url":"https:\/\/www.radiotime.it\/author\/alessandro\/","identifier":5,"image":{"@type":"ImageObject","@id":"https:\/\/secure.gravatar.com\/avatar\/8376aa91354460349f0772b5903560ae?s=96&d=mm&r=g","url":"https:\/\/secure.gravatar.com\/avatar\/8376aa91354460349f0772b5903560ae?s=96&d=mm&r=g","height":96,"width":96}},"publisher":{"@type":"Organization","name":"RADIOTIME","logo":{"@type":"ImageObject","@id":"https:\/\/www.radiotime.it\/wp-content\/uploads\/2020\/02\/Logo_Time_1500-e1580898267395.png","url":"https:\/\/www.radiotime.it\/wp-content\/uploads\/2020\/02\/Logo_Time_1500-e1580898267395.png","width":600,"height":60}},"image":{"@type":"ImageObject","@id":"https:\/\/www.radiotime.it\/wp-content\/uploads\/2026\/03\/IMG_7707.jpeg","url":"https:\/\/www.radiotime.it\/wp-content\/uploads\/2026\/03\/IMG_7707.jpeg","height":908,"width":735},"url":"https:\/\/www.radiotime.it\/2026\/03\/08\/oltre-la-mimosa-la-forza-che-non-aspetta-l8-marzo\/","about":["News"],"wordCount":293,"articleBody":"L&#8217;8 marzo non \u00e8 solo una ricorrenza sul calendario, ma un momento sospeso tra la memoria di ci\u00f2 che \u00e8 stato e la visione di ci\u00f2 che deve ancora cambiare. Spesso ridotta a un semplice omaggio floreale, questa giornata custodisce in realt\u00e0 una forza che va ben oltre il giallo dei petali di mimosa.Le radici della nostra forzaCelebrare oggi significa onorare le conquiste di chi ci ha preceduto. Dalle pioniere della scienza alle donne che hanno lottato per il diritto al voto e al lavoro, ogni traguardo raggiunto \u00e8 un gradino su cui poggiamo i piedi oggi. \u00c8 l\u2019occasione per guardare alle icone di ieri e di oggi non come a eccezioni, ma come a esempi di ci\u00f2 che la determinazione pu\u00f2 costruire.Consapevolezza: la strada ancora da fareNon possiamo per\u00f2 nasconderci che il cammino verso una reale parit\u00e0 \u00e8 ancora lungo. Parlare di Festa della Donna significa anche riflettere con onest\u00e0 sul gender pay gap, sulla difficolt\u00e0 di conciliare carriera e famiglia e sulla sicurezza. La consapevolezza \u00e8 il primo passo per il cambiamento: non \u00e8 una protesta, ma una presa di coscienza collettiva necessaria per costruire una societ\u00e0 pi\u00f9 equa per tutti.Celebrare con stile e culturaCome onorare al meglio questa giornata? Non serve necessariamente un grande evento. A volte, il modo migliore per celebrare \u00e8 nutrire la propria mente:Leggere un libro scritto da un\u2019autrice che ha cambiato la letteratura.Vedere un film che racconti una storia di emancipazione.Sostenere un\u2019attivit\u00e0 o un progetto guidato da donne nel proprio territorio.L\u20198 marzo \u00e8 l\u2019invito a prenderci uno spazio per noi stesse, per riconoscerci il valore che meritiamo e per ricordare che ogni nostra azione, anche la pi\u00f9 piccola, contribuisce a scrivere la storia di domani."},{"@context":"https:\/\/schema.org\/","@type":"BreadcrumbList","itemListElement":[{"@type":"ListItem","position":1,"name":"2026","item":"https:\/\/www.radiotime.it\/2026\/#breadcrumbitem"},{"@type":"ListItem","position":2,"name":"03","item":"https:\/\/www.radiotime.it\/2026\/\/03\/#breadcrumbitem"},{"@type":"ListItem","position":3,"name":"08","item":"https:\/\/www.radiotime.it\/2026\/\/03\/\/08\/#breadcrumbitem"},{"@type":"ListItem","position":4,"name":"Oltre la mimosa: la forza che non aspetta l\u20198 marzo","item":"https:\/\/www.radiotime.it\/2026\/03\/08\/oltre-la-mimosa-la-forza-che-non-aspetta-l8-marzo\/#breadcrumbitem"}]}]