[{"@context":"https:\/\/schema.org\/","@type":"NewsArticle","@id":"https:\/\/www.radiotime.it\/2026\/03\/11\/spiaggia-di-mondello-litalo-belga-presenta-ricorso-al-tar\/#NewsArticle","mainEntityOfPage":"https:\/\/www.radiotime.it\/2026\/03\/11\/spiaggia-di-mondello-litalo-belga-presenta-ricorso-al-tar\/","headline":"Spiaggia di Mondello, l&#8217;Italo Belga presenta ricorso al Tar","name":"Spiaggia di Mondello, l&#8217;Italo Belga presenta ricorso al Tar","description":"Tante novit\u00e0 per quanto riguarda la situazione di Mondello: non solo la nuova vita per la spiaggia, ma anche il ricorso della societ\u00e0 Italo Belga delle prossime ore. Il ricorso dell&#8217;Italo Belga Dopo la revoca della concessione alla Italo Belga della spiaggia da parte della Regione Siciliana, la societ\u00e0 ha oggi depositato il ricorso al [&hellip;]","datePublished":"2026-03-11","dateModified":"2026-03-11","author":{"@type":"Person","@id":"https:\/\/www.radiotime.it\/author\/redazione\/#Person","name":"Redazione","url":"https:\/\/www.radiotime.it\/author\/redazione\/","identifier":27,"image":{"@type":"ImageObject","@id":"https:\/\/secure.gravatar.com\/avatar\/008807df9793f5c61a879ba978dd5d15?s=96&d=mm&r=g","url":"https:\/\/secure.gravatar.com\/avatar\/008807df9793f5c61a879ba978dd5d15?s=96&d=mm&r=g","height":96,"width":96}},"publisher":{"@type":"Organization","name":"RADIOTIME","logo":{"@type":"ImageObject","@id":"https:\/\/www.radiotime.it\/wp-content\/uploads\/2020\/02\/Logo_Time_1500-e1580898267395.png","url":"https:\/\/www.radiotime.it\/wp-content\/uploads\/2020\/02\/Logo_Time_1500-e1580898267395.png","width":600,"height":60}},"image":{"@type":"ImageObject","@id":"https:\/\/www.radiotime.it\/wp-content\/uploads\/2026\/02\/mondello-hd.jpg","url":"https:\/\/www.radiotime.it\/wp-content\/uploads\/2026\/02\/mondello-hd.jpg","height":1066,"width":1600},"url":"https:\/\/www.radiotime.it\/2026\/03\/11\/spiaggia-di-mondello-litalo-belga-presenta-ricorso-al-tar\/","about":["Cronaca","News"],"wordCount":250,"articleBody":"Tante novit\u00e0 per quanto riguarda la situazione di Mondello: non solo la nuova vita per la spiaggia, ma anche il ricorso della societ\u00e0 Italo Belga delle prossime ore.Il ricorso dell&#8217;Italo BelgaDopo la revoca della concessione alla Italo Belga della spiaggia da parte della Regione Siciliana, la societ\u00e0 ha oggi depositato il ricorso al Tar. Gi\u00e0 poche ore dopo l&#8217;accaduto, la societ\u00e0 aveva anticipato la possibilit\u00e0 di tutelarsi rispetto alla decisione. Nel dettaglio, l&#8217;Italo Belga ha chiesto la sospensione del provvedimento regionale, anche per i danni economici e reputazionali che ne derivano. Le motivazioni dalla Regione sono, per la societ\u00e0: &#8220;non aderenti alla realt\u00e0 dei fatti e sproporzionate, e saranno puntualmente contestate nelle sedi competenti. Si tratta, peraltro, del primo atto compiuto e direttamente impugnabile formalmente notificato alla Societ\u00e0 dall\u2019inizio della vicenda, finora discussa prevalentemente fuori dalle sedi competenti&#8221;. La palla passa ai giudici, che potranno confermare la decisione gi\u00e0 presa o cambiare le carte in tavola.La nuova vita di MondelloIntanto, si prepara la strada per la nuova vita della spiaggia di Mondello. Guardando oltre la Italo Belga, si cercher\u00e0 di valorizzare la spiaggia per la stagione, con soluzioni temporanee in attesa che la situazione sia totalmente definita. L&#8217;idea, quindi, \u00e8 quella di utilizzare delle concessioni brevi, di 90 giorni, per coprire la stagione in attesa del Pudm. Si lavora anche per richiedere il contributo di solidariet\u00e0 europea per i danni commessi dall&#8217;uragano Harry alla spiaggia, che consentirebbe di ottenere delle deroghe."},{"@context":"https:\/\/schema.org\/","@type":"BreadcrumbList","itemListElement":[{"@type":"ListItem","position":1,"name":"2026","item":"https:\/\/www.radiotime.it\/2026\/#breadcrumbitem"},{"@type":"ListItem","position":2,"name":"03","item":"https:\/\/www.radiotime.it\/2026\/\/03\/#breadcrumbitem"},{"@type":"ListItem","position":3,"name":"11","item":"https:\/\/www.radiotime.it\/2026\/\/03\/\/11\/#breadcrumbitem"},{"@type":"ListItem","position":4,"name":"Spiaggia di Mondello, l&#8217;Italo Belga presenta ricorso al Tar","item":"https:\/\/www.radiotime.it\/2026\/03\/11\/spiaggia-di-mondello-litalo-belga-presenta-ricorso-al-tar\/#breadcrumbitem"}]}]