{"@context":"https:\/\/schema.org\/","@type":"CollectionPage","@id":"https:\/\/www.radiotime.it\/tag\/eurovision-song-contest\/#CollectionPage","headline":"Eurovision Song Contest Tag","description":"","url":"https:\/\/www.radiotime.it\/tag\/eurovision-song-contest\/","hasPart":[{"@type":"NewsArticle","@id":"https:\/\/www.radiotime.it\/2025\/02\/25\/san-marino-song-contest-2025-gli-artisti-in-gara\/","headline":"San Marino Song Contest 2025: gli artisti in gara","url":"https:\/\/www.radiotime.it\/2025\/02\/25\/san-marino-song-contest-2025-gli-artisti-in-gara\/","datePublished":"2025-02-25","dateModified":"2025-02-25","mainEntityOfPage":"https:\/\/www.radiotime.it\/2025\/02\/25\/san-marino-song-contest-2025-gli-artisti-in-gara\/","author":{"@type":"Person","@id":"https:\/\/www.radiotime.it\/author\/staff\/#Person","name":"staff","url":"https:\/\/www.radiotime.it\/author\/staff\/","identifier":8,"image":{"@type":"ImageObject","@id":"https:\/\/secure.gravatar.com\/avatar\/8f004fcfadece6f5f68f901a61253afb?s=96&d=mm&r=g","url":"https:\/\/secure.gravatar.com\/avatar\/8f004fcfadece6f5f68f901a61253afb?s=96&d=mm&r=g","height":96,"width":96}},"publisher":{"@type":"Organization","name":"RADIOTIME","logo":{"@type":"ImageObject","@id":"https:\/\/www.radiotime.it\/wp-content\/uploads\/2020\/02\/Logo_Time_1500-e1580898267395.png","url":"https:\/\/www.radiotime.it\/wp-content\/uploads\/2020\/02\/Logo_Time_1500-e1580898267395.png","width":600,"height":60}},"image":{"@type":"ImageObject","@id":"https:\/\/www.radiotime.it\/wp-content\/uploads\/2025\/02\/481214111_1200217268779208_1583422568768624482_n-e1740485049665.jpg","url":"https:\/\/www.radiotime.it\/wp-content\/uploads\/2025\/02\/481214111_1200217268779208_1583422568768624482_n-e1740485049665.jpg","height":648,"width":894},"keywords":["Eurovision Song Contest","musica","san marino","San Marino Song Contest"]},{"@type":"NewsArticle","@id":"https:\/\/www.radiotime.it\/2024\/05\/10\/eurovision-song-contest-2024-ecco-i-dieci-finalisti-dalla-seconda-semifinale\/","headline":"Eurovision Song Contest 2024: ecco i dieci finalisti dalla seconda semifinale","url":"https:\/\/www.radiotime.it\/2024\/05\/10\/eurovision-song-contest-2024-ecco-i-dieci-finalisti-dalla-seconda-semifinale\/","datePublished":"2024-05-10","dateModified":"2024-05-10","mainEntityOfPage":"https:\/\/www.radiotime.it\/2024\/05\/10\/eurovision-song-contest-2024-ecco-i-dieci-finalisti-dalla-seconda-semifinale\/","author":{"@type":"Person","@id":"https:\/\/www.radiotime.it\/author\/staff\/#Person","name":"staff","url":"https:\/\/www.radiotime.it\/author\/staff\/","identifier":8,"image":{"@type":"ImageObject","@id":"https:\/\/secure.gravatar.com\/avatar\/8f004fcfadece6f5f68f901a61253afb?s=96&d=mm&r=g","url":"https:\/\/secure.gravatar.com\/avatar\/8f004fcfadece6f5f68f901a61253afb?s=96&d=mm&r=g","height":96,"width":96}},"publisher":{"@type":"Organization","name":"RADIOTIME","logo":{"@type":"ImageObject","@id":"https:\/\/www.radiotime.it\/wp-content\/uploads\/2020\/02\/Logo_Time_1500-e1580898267395.png","url":"https:\/\/www.radiotime.it\/wp-content\/uploads\/2020\/02\/Logo_Time_1500-e1580898267395.png","width":600,"height":60}},"image":{"@type":"ImageObject","@id":"https:\/\/www.radiotime.it\/wp-content\/uploads\/2024\/05\/Corinne-Cumming-_-EBU-3A5A6016-Enhanced-NR.jpg","url":"https:\/\/www.radiotime.it\/wp-content\/uploads\/2024\/05\/Corinne-Cumming-_-EBU-3A5A6016-Enhanced-NR.jpg","height":1333,"width":2000},"keywords":["eurovision","Eurovision Song Contest","finalisti","musica"]},{"@type":"NewsArticle","@id":"https:\/\/www.radiotime.it\/2024\/05\/08\/eurovision-2024-ce-un-po-ditalia-nel-brano-dellestonia-lintervista\/","headline":"Eurovision 2024, c\u2019\u00e8 un po\u2019 d\u2019Italia nel brano dell\u2019Estonia: l\u2019intervista","url":"https:\/\/www.radiotime.it\/2024\/05\/08\/eurovision-2024-ce-un-po-ditalia-nel-brano-dellestonia-lintervista\/","datePublished":"2024-05-08","dateModified":"2024-05-08","mainEntityOfPage":"https:\/\/www.radiotime.it\/2024\/05\/08\/eurovision-2024-ce-un-po-ditalia-nel-brano-dellestonia-lintervista\/","author":{"@type":"Person","@id":"https:\/\/www.radiotime.it\/author\/staff\/#Person","name":"staff","url":"https:\/\/www.radiotime.it\/author\/staff\/","identifier":8,"image":{"@type":"ImageObject","@id":"https:\/\/secure.gravatar.com\/avatar\/8f004fcfadece6f5f68f901a61253afb?s=96&d=mm&r=g","url":"https:\/\/secure.gravatar.com\/avatar\/8f004fcfadece6f5f68f901a61253afb?s=96&d=mm&r=g","height":96,"width":96}},"publisher":{"@type":"Organization","name":"RADIOTIME","logo":{"@type":"ImageObject","@id":"https:\/\/www.radiotime.it\/wp-content\/uploads\/2020\/02\/Logo_Time_1500-e1580898267395.png","url":"https:\/\/www.radiotime.it\/wp-content\/uploads\/2020\/02\/Logo_Time_1500-e1580898267395.png","width":600,"height":60}},"image":{"@type":"ImageObject","@id":"https:\/\/www.radiotime.it\/wp-content\/uploads\/2024\/05\/IMG_6171.jpeg","url":"https:\/\/www.radiotime.it\/wp-content\/uploads\/2024\/05\/IMG_6171.jpeg","height":645,"width":1170},"keywords":["Estonia","eurovision","Eurovision 2024","Eurovision Song Contest"]},{"@type":"NewsArticle","@id":"https:\/\/www.radiotime.it\/2024\/05\/03\/eurovision-2024-al-via-il-7-maggio-angelina-mango-rappresentera-litalia\/","headline":"Eurovision 2024, al via il 7 maggio. Angelina Mango rappresenter\u00e0 l\u2019Italia","url":"https:\/\/www.radiotime.it\/2024\/05\/03\/eurovision-2024-al-via-il-7-maggio-angelina-mango-rappresentera-litalia\/","datePublished":"2024-05-03","dateModified":"2024-05-03","mainEntityOfPage":"https:\/\/www.radiotime.it\/2024\/05\/03\/eurovision-2024-al-via-il-7-maggio-angelina-mango-rappresentera-litalia\/","author":{"@type":"Person","@id":"https:\/\/www.radiotime.it\/author\/staff\/#Person","name":"staff","url":"https:\/\/www.radiotime.it\/author\/staff\/","identifier":8,"image":{"@type":"ImageObject","@id":"https:\/\/secure.gravatar.com\/avatar\/8f004fcfadece6f5f68f901a61253afb?s=96&d=mm&r=g","url":"https:\/\/secure.gravatar.com\/avatar\/8f004fcfadece6f5f68f901a61253afb?s=96&d=mm&r=g","height":96,"width":96}},"publisher":{"@type":"Organization","name":"RADIOTIME","logo":{"@type":"ImageObject","@id":"https:\/\/www.radiotime.it\/wp-content\/uploads\/2020\/02\/Logo_Time_1500-e1580898267395.png","url":"https:\/\/www.radiotime.it\/wp-content\/uploads\/2020\/02\/Logo_Time_1500-e1580898267395.png","width":600,"height":60}},"image":{"@type":"ImageObject","@id":"https:\/\/www.radiotime.it\/wp-content\/uploads\/2024\/05\/Zona-Palermo-Copertina-di-Facebook-Banner-YouTube.png","url":"https:\/\/www.radiotime.it\/wp-content\/uploads\/2024\/05\/Zona-Palermo-Copertina-di-Facebook-Banner-YouTube.png","height":1440,"width":2560},"keywords":["ANGELINA MANGO","eurovision","Eurovision Song Contest","music","musica"]},{"@type":"NewsArticle","@id":"https:\/\/www.radiotime.it\/2022\/05\/09\/eurovision-song-contest-2022-al-via-uno-dei-piu-grandi-eventi-televisivi-al-mondo\/","headline":"Eurovision Song Contest 2022: Al via uno dei pi\u00f9 grandi eventi televisivi al mondo","url":"https:\/\/www.radiotime.it\/2022\/05\/09\/eurovision-song-contest-2022-al-via-uno-dei-piu-grandi-eventi-televisivi-al-mondo\/","datePublished":"2022-05-09","dateModified":"2022-05-09","mainEntityOfPage":"https:\/\/www.radiotime.it\/2022\/05\/09\/eurovision-song-contest-2022-al-via-uno-dei-piu-grandi-eventi-televisivi-al-mondo\/","author":{"@type":"Person","@id":"https:\/\/www.radiotime.it\/author\/alessandro\/#Person","name":"Redazione","url":"https:\/\/www.radiotime.it\/author\/alessandro\/","identifier":5,"image":{"@type":"ImageObject","@id":"https:\/\/secure.gravatar.com\/avatar\/8376aa91354460349f0772b5903560ae?s=96&d=mm&r=g","url":"https:\/\/secure.gravatar.com\/avatar\/8376aa91354460349f0772b5903560ae?s=96&d=mm&r=g","height":96,"width":96}},"publisher":{"@type":"Organization","name":"RADIOTIME","logo":{"@type":"ImageObject","@id":"https:\/\/www.radiotime.it\/wp-content\/uploads\/2020\/02\/Logo_Time_1500-e1580898267395.png","url":"https:\/\/www.radiotime.it\/wp-content\/uploads\/2020\/02\/Logo_Time_1500-e1580898267395.png","width":600,"height":60}},"image":{"@type":"ImageObject","@id":"https:\/\/www.radiotime.it\/wp-content\/uploads\/2022\/05\/Eurovision2022.jpg","url":"https:\/\/www.radiotime.it\/wp-content\/uploads\/2022\/05\/Eurovision2022.jpg","height":883,"width":1680},"keywords":["alessandro cattelan","eurovision 2022","Eurovision Song Contest","laura pausini","Mika"]},{"@type":"NewsArticle","@id":"https:\/\/www.radiotime.it\/2022\/04\/27\/eurovision-song-contest-il-volo-e-il-nuovo-ospite\/","headline":"Eurovision Song Contest: il Volo ospite della semifinale del 12 maggio","url":"https:\/\/www.radiotime.it\/2022\/04\/27\/eurovision-song-contest-il-volo-e-il-nuovo-ospite\/","datePublished":"2022-04-27","dateModified":"2022-04-28","mainEntityOfPage":"https:\/\/www.radiotime.it\/2022\/04\/27\/eurovision-song-contest-il-volo-e-il-nuovo-ospite\/","author":{"@type":"Person","@id":"https:\/\/www.radiotime.it\/author\/alessandro\/#Person","name":"Redazione","url":"https:\/\/www.radiotime.it\/author\/alessandro\/","identifier":5,"image":{"@type":"ImageObject","@id":"https:\/\/secure.gravatar.com\/avatar\/8376aa91354460349f0772b5903560ae?s=96&d=mm&r=g","url":"https:\/\/secure.gravatar.com\/avatar\/8376aa91354460349f0772b5903560ae?s=96&d=mm&r=g","height":96,"width":96}},"publisher":{"@type":"Organization","name":"RADIOTIME","logo":{"@type":"ImageObject","@id":"https:\/\/www.radiotime.it\/wp-content\/uploads\/2020\/02\/Logo_Time_1500-e1580898267395.png","url":"https:\/\/www.radiotime.it\/wp-content\/uploads\/2020\/02\/Logo_Time_1500-e1580898267395.png","width":600,"height":60}},"image":{"@type":"ImageObject","@id":"https:\/\/www.radiotime.it\/wp-content\/uploads\/2022\/04\/Eurovision-song-contest-Turin-2022.jpg","url":"https:\/\/www.radiotime.it\/wp-content\/uploads\/2022\/04\/Eurovision-song-contest-Turin-2022.jpg","height":1079,"width":1920},"keywords":["Eurovision Song Contest","il volo","Il Volo ospite"]},{"@type":"NewsArticle","@id":"https:\/\/www.radiotime.it\/2022\/04\/21\/eurovision-song-contest-il-primo-ospite-e-diodato\/","headline":"Eurovision Song Contest: il primo ospite \u00e8 Diodato","url":"https:\/\/www.radiotime.it\/2022\/04\/21\/eurovision-song-contest-il-primo-ospite-e-diodato\/","datePublished":"2022-04-21","dateModified":"2022-04-21","mainEntityOfPage":"https:\/\/www.radiotime.it\/2022\/04\/21\/eurovision-song-contest-il-primo-ospite-e-diodato\/","author":{"@type":"Person","@id":"https:\/\/www.radiotime.it\/author\/alessandro\/#Person","name":"Redazione","url":"https:\/\/www.radiotime.it\/author\/alessandro\/","identifier":5,"image":{"@type":"ImageObject","@id":"https:\/\/secure.gravatar.com\/avatar\/8376aa91354460349f0772b5903560ae?s=96&d=mm&r=g","url":"https:\/\/secure.gravatar.com\/avatar\/8376aa91354460349f0772b5903560ae?s=96&d=mm&r=g","height":96,"width":96}},"publisher":{"@type":"Organization","name":"RADIOTIME","logo":{"@type":"ImageObject","@id":"https:\/\/www.radiotime.it\/wp-content\/uploads\/2020\/02\/Logo_Time_1500-e1580898267395.png","url":"https:\/\/www.radiotime.it\/wp-content\/uploads\/2020\/02\/Logo_Time_1500-e1580898267395.png","width":600,"height":60}},"image":{"@type":"ImageObject","@id":"https:\/\/www.radiotime.it\/wp-content\/uploads\/2022\/04\/Eurovision-song-contest-Turin-2022.jpg","url":"https:\/\/www.radiotime.it\/wp-content\/uploads\/2022\/04\/Eurovision-song-contest-Turin-2022.jpg","height":1079,"width":1920},"keywords":["alessandro cattelan","Diodato","Eurovision Song Contest","Eurovision Song Contest 2022","laura pausini","Mika","Rai1"]},{"@type":"NewsArticle","@id":"https:\/\/www.radiotime.it\/2022\/03\/14\/la-pace-e-il-tema-dell-eurovision-2022-lo-annunciano-i-vertici-della-rai\/","headline":"La Pace \u00e8 il tema dell&#8217; Eurovision 2022, lo annunciano i vertici della Rai","url":"https:\/\/www.radiotime.it\/2022\/03\/14\/la-pace-e-il-tema-dell-eurovision-2022-lo-annunciano-i-vertici-della-rai\/","datePublished":"2022-03-14","dateModified":"2022-03-14","mainEntityOfPage":"https:\/\/www.radiotime.it\/2022\/03\/14\/la-pace-e-il-tema-dell-eurovision-2022-lo-annunciano-i-vertici-della-rai\/","author":{"@type":"Person","@id":"https:\/\/www.radiotime.it\/author\/alessandro\/#Person","name":"Redazione","url":"https:\/\/www.radiotime.it\/author\/alessandro\/","identifier":5,"image":{"@type":"ImageObject","@id":"https:\/\/secure.gravatar.com\/avatar\/8376aa91354460349f0772b5903560ae?s=96&d=mm&r=g","url":"https:\/\/secure.gravatar.com\/avatar\/8376aa91354460349f0772b5903560ae?s=96&d=mm&r=g","height":96,"width":96}},"publisher":{"@type":"Organization","name":"RADIOTIME","logo":{"@type":"ImageObject","@id":"https:\/\/www.radiotime.it\/wp-content\/uploads\/2020\/02\/Logo_Time_1500-e1580898267395.png","url":"https:\/\/www.radiotime.it\/wp-content\/uploads\/2020\/02\/Logo_Time_1500-e1580898267395.png","width":600,"height":60}},"image":{"@type":"ImageObject","@id":"https:\/\/www.radiotime.it\/wp-content\/uploads\/2022\/03\/tema_pace.jpg","url":"https:\/\/www.radiotime.it\/wp-content\/uploads\/2022\/03\/tema_pace.jpg","height":269,"width":457},"keywords":["Eurovision Song Contest","musica","torino","ucraina"]},{"@type":"NewsArticle","@id":"https:\/\/www.radiotime.it\/2022\/03\/14\/malta-emma-muscat-svela-la-canzone-delleurovision-i-am-what-i-am\/","headline":"Malta: Emma Muscat svela la canzone dell&#8217;Eurovision &#8220;I Am What I Am&#8221;","url":"https:\/\/www.radiotime.it\/2022\/03\/14\/malta-emma-muscat-svela-la-canzone-delleurovision-i-am-what-i-am\/","datePublished":"2022-03-14","dateModified":"2022-03-14","mainEntityOfPage":"https:\/\/www.radiotime.it\/2022\/03\/14\/malta-emma-muscat-svela-la-canzone-delleurovision-i-am-what-i-am\/","author":{"@type":"Person","@id":"https:\/\/www.radiotime.it\/author\/alessandro\/#Person","name":"Redazione","url":"https:\/\/www.radiotime.it\/author\/alessandro\/","identifier":5,"image":{"@type":"ImageObject","@id":"https:\/\/secure.gravatar.com\/avatar\/8376aa91354460349f0772b5903560ae?s=96&d=mm&r=g","url":"https:\/\/secure.gravatar.com\/avatar\/8376aa91354460349f0772b5903560ae?s=96&d=mm&r=g","height":96,"width":96}},"publisher":{"@type":"Organization","name":"RADIOTIME","logo":{"@type":"ImageObject","@id":"https:\/\/www.radiotime.it\/wp-content\/uploads\/2020\/02\/Logo_Time_1500-e1580898267395.png","url":"https:\/\/www.radiotime.it\/wp-content\/uploads\/2020\/02\/Logo_Time_1500-e1580898267395.png","width":600,"height":60}},"image":{"@type":"ImageObject","@id":"https:\/\/www.radiotime.it\/wp-content\/uploads\/2022\/03\/emma-muscat.jpg","url":"https:\/\/www.radiotime.it\/wp-content\/uploads\/2022\/03\/emma-muscat.jpg","height":883,"width":1680},"keywords":["Emma Muscat","Eurovision Song Contest","I Am What I Am"]},{"@type":"NewsArticle","@id":"https:\/\/www.radiotime.it\/2021\/10\/08\/eurovision-torino-citta-decisa\/","headline":"Eurovision 2022: sar\u00e0 Torino la citt\u00e0 che ospiter\u00e0 l&#8217;evento","url":"https:\/\/www.radiotime.it\/2021\/10\/08\/eurovision-torino-citta-decisa\/","datePublished":"2021-10-08","dateModified":"2021-10-08","mainEntityOfPage":"https:\/\/www.radiotime.it\/2021\/10\/08\/eurovision-torino-citta-decisa\/","author":{"@type":"Person","@id":"https:\/\/www.radiotime.it\/author\/staff\/#Person","name":"staff","url":"https:\/\/www.radiotime.it\/author\/staff\/","identifier":8,"image":{"@type":"ImageObject","@id":"https:\/\/secure.gravatar.com\/avatar\/8f004fcfadece6f5f68f901a61253afb?s=96&d=mm&r=g","url":"https:\/\/secure.gravatar.com\/avatar\/8f004fcfadece6f5f68f901a61253afb?s=96&d=mm&r=g","height":96,"width":96}},"publisher":{"@type":"Organization","name":"RADIOTIME","logo":{"@type":"ImageObject","@id":"https:\/\/www.radiotime.it\/wp-content\/uploads\/2020\/02\/Logo_Time_1500-e1580898267395.png","url":"https:\/\/www.radiotime.it\/wp-content\/uploads\/2020\/02\/Logo_Time_1500-e1580898267395.png","width":600,"height":60}},"image":{"@type":"ImageObject","@id":"https:\/\/www.radiotime.it\/wp-content\/uploads\/2021\/10\/Eurovision_2021.png","url":"https:\/\/www.radiotime.it\/wp-content\/uploads\/2021\/10\/Eurovision_2021.png","height":758,"width":1186},"keywords":["eurovision","Eurovision Song Contest","torino"]}]}