{"@context":"https:\/\/schema.org\/","@type":"CollectionPage","@id":"https:\/\/www.radiotime.it\/tag\/messina\/#CollectionPage","headline":"#messina Tag","description":"","url":"https:\/\/www.radiotime.it\/tag\/messina\/","hasPart":[{"@type":"NewsArticle","@id":"https:\/\/www.radiotime.it\/2026\/03\/21\/terremoto-sicilia-tirreno-21-marzo-2026\/","headline":"Terremoto Sicilia oggi: scossa 4.6 nel Tirreno, paura a Palermo e Messina","url":"https:\/\/www.radiotime.it\/2026\/03\/21\/terremoto-sicilia-tirreno-21-marzo-2026\/","datePublished":"2026-03-21","dateModified":"2026-03-21","mainEntityOfPage":"https:\/\/www.radiotime.it\/2026\/03\/21\/terremoto-sicilia-tirreno-21-marzo-2026\/","author":{"@type":"Person","@id":"https:\/\/www.radiotime.it\/author\/alessandro\/#Person","name":"Redazione","url":"https:\/\/www.radiotime.it\/author\/alessandro\/","identifier":5,"image":{"@type":"ImageObject","@id":"https:\/\/secure.gravatar.com\/avatar\/8376aa91354460349f0772b5903560ae?s=96&d=mm&r=g","url":"https:\/\/secure.gravatar.com\/avatar\/8376aa91354460349f0772b5903560ae?s=96&d=mm&r=g","height":96,"width":96}},"publisher":{"@type":"Organization","name":"RADIOTIME","logo":{"@type":"ImageObject","@id":"https:\/\/www.radiotime.it\/wp-content\/uploads\/2020\/02\/Logo_Time_1500-e1580898267395.png","url":"https:\/\/www.radiotime.it\/wp-content\/uploads\/2020\/02\/Logo_Time_1500-e1580898267395.png","width":600,"height":60}},"image":{"@type":"ImageObject","@id":"https:\/\/www.radiotime.it\/wp-content\/uploads\/2026\/03\/terremoto1774059004-579-38.4583-14.2103.jpg","url":"https:\/\/www.radiotime.it\/wp-content\/uploads\/2026\/03\/terremoto1774059004-579-38.4583-14.2103.jpg","height":634,"width":700},"keywords":["#messina","Cronaca Sicilia","INGV","isole eolie","Palermo","Protezione Civile","Terremoto Sicilia"]},{"@type":"NewsArticle","@id":"https:\/\/www.radiotime.it\/2023\/07\/31\/carl-brave-allindiegeno-fest-2023-di-pattime-per-il-migrazione-tour\/","headline":"Carl Brave: all&#8217;Indiegeno Fest 2023 di Patti(ME) per il &#8220;Migrazione Tour&#8221;","url":"https:\/\/www.radiotime.it\/2023\/07\/31\/carl-brave-allindiegeno-fest-2023-di-pattime-per-il-migrazione-tour\/","datePublished":"2023-07-31","dateModified":"2023-07-31","mainEntityOfPage":"https:\/\/www.radiotime.it\/2023\/07\/31\/carl-brave-allindiegeno-fest-2023-di-pattime-per-il-migrazione-tour\/","author":{"@type":"Person","@id":"https:\/\/www.radiotime.it\/author\/alessandro\/#Person","name":"Redazione","url":"https:\/\/www.radiotime.it\/author\/alessandro\/","identifier":5,"image":{"@type":"ImageObject","@id":"https:\/\/secure.gravatar.com\/avatar\/8376aa91354460349f0772b5903560ae?s=96&d=mm&r=g","url":"https:\/\/secure.gravatar.com\/avatar\/8376aa91354460349f0772b5903560ae?s=96&d=mm&r=g","height":96,"width":96}},"publisher":{"@type":"Organization","name":"RADIOTIME","logo":{"@type":"ImageObject","@id":"https:\/\/www.radiotime.it\/wp-content\/uploads\/2020\/02\/Logo_Time_1500-e1580898267395.png","url":"https:\/\/www.radiotime.it\/wp-content\/uploads\/2020\/02\/Logo_Time_1500-e1580898267395.png","width":600,"height":60}},"image":{"@type":"ImageObject","@id":"https:\/\/www.radiotime.it\/wp-content\/uploads\/2023\/07\/carl-brave.png","url":"https:\/\/www.radiotime.it\/wp-content\/uploads\/2023\/07\/carl-brave.png","height":800,"width":800},"keywords":["#messina","carl brave","Indiegeno Fest 2023","Migrazione Tour","patti"]},{"@type":"NewsArticle","@id":"https:\/\/www.radiotime.it\/2023\/07\/31\/indiegeno-fest-2023-dal-31-luglio-al-7-agosto-torna-in-sicilia\/","headline":"Indiegeno fest 2023, dal 31 luglio al 7 agosto torna in Sicilia","url":"https:\/\/www.radiotime.it\/2023\/07\/31\/indiegeno-fest-2023-dal-31-luglio-al-7-agosto-torna-in-sicilia\/","datePublished":"2023-07-31","dateModified":"2023-07-31","mainEntityOfPage":"https:\/\/www.radiotime.it\/2023\/07\/31\/indiegeno-fest-2023-dal-31-luglio-al-7-agosto-torna-in-sicilia\/","author":{"@type":"Person","@id":"https:\/\/www.radiotime.it\/author\/alessandro\/#Person","name":"Redazione","url":"https:\/\/www.radiotime.it\/author\/alessandro\/","identifier":5,"image":{"@type":"ImageObject","@id":"https:\/\/secure.gravatar.com\/avatar\/8376aa91354460349f0772b5903560ae?s=96&d=mm&r=g","url":"https:\/\/secure.gravatar.com\/avatar\/8376aa91354460349f0772b5903560ae?s=96&d=mm&r=g","height":96,"width":96}},"publisher":{"@type":"Organization","name":"RADIOTIME","logo":{"@type":"ImageObject","@id":"https:\/\/www.radiotime.it\/wp-content\/uploads\/2020\/02\/Logo_Time_1500-e1580898267395.png","url":"https:\/\/www.radiotime.it\/wp-content\/uploads\/2020\/02\/Logo_Time_1500-e1580898267395.png","width":600,"height":60}},"image":{"@type":"ImageObject","@id":"https:\/\/www.radiotime.it\/wp-content\/uploads\/2023\/07\/Indiegeno-2023.png","url":"https:\/\/www.radiotime.it\/wp-content\/uploads\/2023\/07\/Indiegeno-2023.png","height":551,"width":800},"keywords":["#messina","Indiegeno Fest 2023","patti"]},{"@type":"NewsArticle","@id":"https:\/\/www.radiotime.it\/2023\/07\/31\/luche-e-il-luche-summer-tour-2023-sara-allindiegeno-fest-2023-a-patti-me\/","headline":"Luch\u00e8 e il &#8220;Luch\u00e8 summer tour 2023&#8221; sar\u00e0 all\u2019Indiegeno Fest 2023 a Patti (ME).","url":"https:\/\/www.radiotime.it\/2023\/07\/31\/luche-e-il-luche-summer-tour-2023-sara-allindiegeno-fest-2023-a-patti-me\/","datePublished":"2023-07-31","dateModified":"2023-07-31","mainEntityOfPage":"https:\/\/www.radiotime.it\/2023\/07\/31\/luche-e-il-luche-summer-tour-2023-sara-allindiegeno-fest-2023-a-patti-me\/","author":{"@type":"Person","@id":"https:\/\/www.radiotime.it\/author\/alessandro\/#Person","name":"Redazione","url":"https:\/\/www.radiotime.it\/author\/alessandro\/","identifier":5,"image":{"@type":"ImageObject","@id":"https:\/\/secure.gravatar.com\/avatar\/8376aa91354460349f0772b5903560ae?s=96&d=mm&r=g","url":"https:\/\/secure.gravatar.com\/avatar\/8376aa91354460349f0772b5903560ae?s=96&d=mm&r=g","height":96,"width":96}},"publisher":{"@type":"Organization","name":"RADIOTIME","logo":{"@type":"ImageObject","@id":"https:\/\/www.radiotime.it\/wp-content\/uploads\/2020\/02\/Logo_Time_1500-e1580898267395.png","url":"https:\/\/www.radiotime.it\/wp-content\/uploads\/2020\/02\/Logo_Time_1500-e1580898267395.png","width":600,"height":60}},"image":{"@type":"ImageObject","@id":"https:\/\/www.radiotime.it\/wp-content\/uploads\/2023\/07\/luche.jpg","url":"https:\/\/www.radiotime.it\/wp-content\/uploads\/2023\/07\/luche.jpg","height":693,"width":693},"keywords":["#messina","Indiegeno Fest 2023","Luch\u00e8","Luch\u00e8 summer tour 2023","patti"]},{"@type":"NewsArticle","@id":"https:\/\/www.radiotime.it\/2022\/04\/02\/elezioni-amministrative-non-solo-palermo-ecco-tutti-i-comuni-al-voto-il-prossimo-12-giugno\/","headline":"Elezioni amministrative, non solo Palermo: ecco tutti i comuni al voto il prossimo 12 giugno","url":"https:\/\/www.radiotime.it\/2022\/04\/02\/elezioni-amministrative-non-solo-palermo-ecco-tutti-i-comuni-al-voto-il-prossimo-12-giugno\/","datePublished":"2022-04-02","dateModified":"2022-04-02","mainEntityOfPage":"https:\/\/www.radiotime.it\/2022\/04\/02\/elezioni-amministrative-non-solo-palermo-ecco-tutti-i-comuni-al-voto-il-prossimo-12-giugno\/","author":{"@type":"Person","@id":"https:\/\/www.radiotime.it\/author\/staff\/#Person","name":"staff","url":"https:\/\/www.radiotime.it\/author\/staff\/","identifier":8,"image":{"@type":"ImageObject","@id":"https:\/\/secure.gravatar.com\/avatar\/8f004fcfadece6f5f68f901a61253afb?s=96&d=mm&r=g","url":"https:\/\/secure.gravatar.com\/avatar\/8f004fcfadece6f5f68f901a61253afb?s=96&d=mm&r=g","height":96,"width":96}},"publisher":{"@type":"Organization","name":"RADIOTIME","logo":{"@type":"ImageObject","@id":"https:\/\/www.radiotime.it\/wp-content\/uploads\/2020\/02\/Logo_Time_1500-e1580898267395.png","url":"https:\/\/www.radiotime.it\/wp-content\/uploads\/2020\/02\/Logo_Time_1500-e1580898267395.png","width":600,"height":60}},"image":{"@type":"ImageObject","@id":"https:\/\/www.radiotime.it\/wp-content\/uploads\/2022\/04\/MESSAGGI-POLITICI-ELETTORALI-A-PAGAMENTO-PER-LE-ELEZIONI-AMMINISTRATIVE-2022-1.png","url":"https:\/\/www.radiotime.it\/wp-content\/uploads\/2022\/04\/MESSAGGI-POLITICI-ELETTORALI-A-PAGAMENTO-PER-LE-ELEZIONI-AMMINISTRATIVE-2022-1.png","height":500,"width":800},"keywords":["#messina","Comune","Elezioni amministrative","elezioni sindaco","Palermo","primo cittadino","regione siciliana","Sicilia","sindaco","sindaco di palermo"]},{"@type":"NewsArticle","@id":"https:\/\/www.radiotime.it\/2021\/12\/30\/cultura-regione-siciliana-casa-giovanni-pascoli\/","headline":"Cultura, la Regione Siciliana acquister\u00e0 a Messina la casa dove abit\u00f2 Giovanni Pascoli","url":"https:\/\/www.radiotime.it\/2021\/12\/30\/cultura-regione-siciliana-casa-giovanni-pascoli\/","datePublished":"2021-12-30","dateModified":"2021-12-30","mainEntityOfPage":"https:\/\/www.radiotime.it\/2021\/12\/30\/cultura-regione-siciliana-casa-giovanni-pascoli\/","author":{"@type":"Person","@id":"https:\/\/www.radiotime.it\/author\/staff\/#Person","name":"staff","url":"https:\/\/www.radiotime.it\/author\/staff\/","identifier":8,"image":{"@type":"ImageObject","@id":"https:\/\/secure.gravatar.com\/avatar\/8f004fcfadece6f5f68f901a61253afb?s=96&d=mm&r=g","url":"https:\/\/secure.gravatar.com\/avatar\/8f004fcfadece6f5f68f901a61253afb?s=96&d=mm&r=g","height":96,"width":96}},"publisher":{"@type":"Organization","name":"RADIOTIME","logo":{"@type":"ImageObject","@id":"https:\/\/www.radiotime.it\/wp-content\/uploads\/2020\/02\/Logo_Time_1500-e1580898267395.png","url":"https:\/\/www.radiotime.it\/wp-content\/uploads\/2020\/02\/Logo_Time_1500-e1580898267395.png","width":600,"height":60}},"image":{"@type":"ImageObject","@id":"https:\/\/www.radiotime.it\/wp-content\/uploads\/2021\/12\/PALAZZO-PASCOLI-Messina.jpg","url":"https:\/\/www.radiotime.it\/wp-content\/uploads\/2021\/12\/PALAZZO-PASCOLI-Messina.jpg","height":783,"width":1223},"keywords":["#messina","beni culturali","cultura","giovanni pascoli","Nello Musumeci","pascoli"]},{"@type":"NewsArticle","@id":"https:\/\/www.radiotime.it\/2021\/09\/03\/palermo-i-convocati-di-filippi-per-lacr-messina\/","headline":"Palermo, i convocati di Filippi per l&#8217;Acr Messina","url":"https:\/\/www.radiotime.it\/2021\/09\/03\/palermo-i-convocati-di-filippi-per-lacr-messina\/","datePublished":"2021-09-03","dateModified":"2021-09-03","mainEntityOfPage":"https:\/\/www.radiotime.it\/2021\/09\/03\/palermo-i-convocati-di-filippi-per-lacr-messina\/","author":{"@type":"Person","@id":"https:\/\/www.radiotime.it\/author\/staff\/#Person","name":"staff","url":"https:\/\/www.radiotime.it\/author\/staff\/","identifier":8,"image":{"@type":"ImageObject","@id":"https:\/\/secure.gravatar.com\/avatar\/8f004fcfadece6f5f68f901a61253afb?s=96&d=mm&r=g","url":"https:\/\/secure.gravatar.com\/avatar\/8f004fcfadece6f5f68f901a61253afb?s=96&d=mm&r=g","height":96,"width":96}},"publisher":{"@type":"Organization","name":"RADIOTIME","logo":{"@type":"ImageObject","@id":"https:\/\/www.radiotime.it\/wp-content\/uploads\/2020\/02\/Logo_Time_1500-e1580898267395.png","url":"https:\/\/www.radiotime.it\/wp-content\/uploads\/2020\/02\/Logo_Time_1500-e1580898267395.png","width":600,"height":60}},"image":{"@type":"ImageObject","@id":"https:\/\/www.radiotime.it\/wp-content\/uploads\/2021\/09\/MESSINA_PALERMO.jpg","url":"https:\/\/www.radiotime.it\/wp-content\/uploads\/2021\/09\/MESSINA_PALERMO.jpg","height":500,"width":800},"keywords":["#messina","Acr Messina","convocati","Filippi","Palermo","Palermo Fc"]},{"@type":"NewsArticle","@id":"https:\/\/www.radiotime.it\/2021\/05\/10\/concerti-palermo-dimenticata-dalla-musica-italiana\/","headline":"Concerti, Palermo dimenticata dalla musica italiana","url":"https:\/\/www.radiotime.it\/2021\/05\/10\/concerti-palermo-dimenticata-dalla-musica-italiana\/","datePublished":"2021-05-10","dateModified":"2021-05-10","mainEntityOfPage":"https:\/\/www.radiotime.it\/2021\/05\/10\/concerti-palermo-dimenticata-dalla-musica-italiana\/","author":{"@type":"Person","@id":"https:\/\/www.radiotime.it\/author\/staff\/#Person","name":"staff","url":"https:\/\/www.radiotime.it\/author\/staff\/","identifier":8,"image":{"@type":"ImageObject","@id":"https:\/\/secure.gravatar.com\/avatar\/8f004fcfadece6f5f68f901a61253afb?s=96&d=mm&r=g","url":"https:\/\/secure.gravatar.com\/avatar\/8f004fcfadece6f5f68f901a61253afb?s=96&d=mm&r=g","height":96,"width":96}},"publisher":{"@type":"Organization","name":"RADIOTIME","logo":{"@type":"ImageObject","@id":"https:\/\/www.radiotime.it\/wp-content\/uploads\/2020\/02\/Logo_Time_1500-e1580898267395.png","url":"https:\/\/www.radiotime.it\/wp-content\/uploads\/2020\/02\/Logo_Time_1500-e1580898267395.png","width":600,"height":60}},"image":{"@type":"ImageObject","@id":"https:\/\/www.radiotime.it\/wp-content\/uploads\/2021\/05\/unnamed.jpg","url":"https:\/\/www.radiotime.it\/wp-content\/uploads\/2021\/05\/unnamed.jpg","height":384,"width":512},"keywords":["#covid","#messina","acireale","catania","live","palasport","Palermo","Sicilia","spettacolo","taormina","teatro antico","velodromo"]},{"@type":"NewsArticle","@id":"https:\/\/www.radiotime.it\/2021\/04\/15\/vaccini-senza-prenotazione-da-domani-in-sicilia-lopen-weekend-astrazeneca\/","headline":"Vaccini senza prenotazione, da domani in Sicilia l&#8217;Open Weekend Astrazeneca","url":"https:\/\/www.radiotime.it\/2021\/04\/15\/vaccini-senza-prenotazione-da-domani-in-sicilia-lopen-weekend-astrazeneca\/","datePublished":"2021-04-15","dateModified":"2021-04-15","mainEntityOfPage":"https:\/\/www.radiotime.it\/2021\/04\/15\/vaccini-senza-prenotazione-da-domani-in-sicilia-lopen-weekend-astrazeneca\/","author":{"@type":"Person","@id":"https:\/\/www.radiotime.it\/author\/staff\/#Person","name":"staff","url":"https:\/\/www.radiotime.it\/author\/staff\/","identifier":8,"image":{"@type":"ImageObject","@id":"https:\/\/secure.gravatar.com\/avatar\/8f004fcfadece6f5f68f901a61253afb?s=96&d=mm&r=g","url":"https:\/\/secure.gravatar.com\/avatar\/8f004fcfadece6f5f68f901a61253afb?s=96&d=mm&r=g","height":96,"width":96}},"publisher":{"@type":"Organization","name":"RADIOTIME","logo":{"@type":"ImageObject","@id":"https:\/\/www.radiotime.it\/wp-content\/uploads\/2020\/02\/Logo_Time_1500-e1580898267395.png","url":"https:\/\/www.radiotime.it\/wp-content\/uploads\/2020\/02\/Logo_Time_1500-e1580898267395.png","width":600,"height":60}},"image":{"@type":"ImageObject","@id":"https:\/\/www.radiotime.it\/wp-content\/uploads\/2021\/04\/vaccino_Covid-scaled-1.jpg","url":"https:\/\/www.radiotime.it\/wp-content\/uploads\/2021\/04\/vaccino_Covid-scaled-1.jpg","height":1350,"width":2560},"keywords":["#messina","#openweekend","#sicily","#vaccini","#vaxevria","astrazeneca","catania","Palermo","Sicilia"]},{"@type":"NewsArticle","@id":"https:\/\/www.radiotime.it\/2021\/03\/22\/studentessa-14enne-si-getta-dalla-finestra-del-liceo-e-gravissima\/","headline":"Studentessa 14enne si getta dalla finestra del liceo: \u00e8 gravissima","url":"https:\/\/www.radiotime.it\/2021\/03\/22\/studentessa-14enne-si-getta-dalla-finestra-del-liceo-e-gravissima\/","datePublished":"2021-03-22","dateModified":"2021-03-22","mainEntityOfPage":"https:\/\/www.radiotime.it\/2021\/03\/22\/studentessa-14enne-si-getta-dalla-finestra-del-liceo-e-gravissima\/","author":{"@type":"Person","@id":"https:\/\/www.radiotime.it\/author\/staff\/#Person","name":"staff","url":"https:\/\/www.radiotime.it\/author\/staff\/","identifier":8,"image":{"@type":"ImageObject","@id":"https:\/\/secure.gravatar.com\/avatar\/8f004fcfadece6f5f68f901a61253afb?s=96&d=mm&r=g","url":"https:\/\/secure.gravatar.com\/avatar\/8f004fcfadece6f5f68f901a61253afb?s=96&d=mm&r=g","height":96,"width":96}},"publisher":{"@type":"Organization","name":"RADIOTIME","logo":{"@type":"ImageObject","@id":"https:\/\/www.radiotime.it\/wp-content\/uploads\/2020\/02\/Logo_Time_1500-e1580898267395.png","url":"https:\/\/www.radiotime.it\/wp-content\/uploads\/2020\/02\/Logo_Time_1500-e1580898267395.png","width":600,"height":60}},"image":{"@type":"ImageObject","@id":"https:\/\/www.radiotime.it\/wp-content\/uploads\/2021\/03\/13312789_1016571375098049_8883785378573096465_n.jpg","url":"https:\/\/www.radiotime.it\/wp-content\/uploads\/2021\/03\/13312789_1016571375098049_8883785378573096465_n.jpg","height":400,"width":750},"keywords":["#","#finestra","#liceo","#messina","#tentatosuicidio"]}]}