{"@context":"https:\/\/schema.org\/","@type":"CollectionPage","@id":"https:\/\/www.radiotime.it\/tag\/regione-sicilia\/#CollectionPage","headline":"Regione Sicilia Tag","description":"","url":"https:\/\/www.radiotime.it\/tag\/regione-sicilia\/","hasPart":[{"@type":"NewsArticle","@id":"https:\/\/www.radiotime.it\/2024\/11\/11\/san-martino-a-palazzo-adriano-festa-della-famiglia-e-della-solidarieta-40ma-edizione\/","headline":"San Martino a Palazzo Adriano &#8211; festa della famiglia e della solidariet\u00e0 &#8211; 40ma edizione","url":"https:\/\/www.radiotime.it\/2024\/11\/11\/san-martino-a-palazzo-adriano-festa-della-famiglia-e-della-solidarieta-40ma-edizione\/","datePublished":"2024-11-11","dateModified":"2024-11-11","mainEntityOfPage":"https:\/\/www.radiotime.it\/2024\/11\/11\/san-martino-a-palazzo-adriano-festa-della-famiglia-e-della-solidarieta-40ma-edizione\/","author":{"@type":"Person","@id":"https:\/\/www.radiotime.it\/author\/fatima\/#Person","name":"Fatima Sanfilippo","url":"https:\/\/www.radiotime.it\/author\/fatima\/","identifier":24,"image":{"@type":"ImageObject","@id":"https:\/\/secure.gravatar.com\/avatar\/f20cf706b8b2ad5d9c4e139c55561240?s=96&d=mm&r=g","url":"https:\/\/secure.gravatar.com\/avatar\/f20cf706b8b2ad5d9c4e139c55561240?s=96&d=mm&r=g","height":96,"width":96}},"publisher":{"@type":"Organization","name":"RADIOTIME","logo":{"@type":"ImageObject","@id":"https:\/\/www.radiotime.it\/wp-content\/uploads\/2020\/02\/Logo_Time_1500-e1580898267395.png","url":"https:\/\/www.radiotime.it\/wp-content\/uploads\/2020\/02\/Logo_Time_1500-e1580898267395.png","width":600,"height":60}},"image":{"@type":"ImageObject","@id":"https:\/\/www.radiotime.it\/wp-content\/uploads\/2024\/11\/WhatsApp-Image-2024-11-10-at-21.57.07.jpeg","url":"https:\/\/www.radiotime.it\/wp-content\/uploads\/2024\/11\/WhatsApp-Image-2024-11-10-at-21.57.07.jpeg","height":1909,"width":2048},"keywords":["#famiglia","alessandrapizzitola","alessiagiordano","associazioneparadisoarberesh","carmeladigiovanni","Comunedipalazzoadriano","domenicagran\u00e0","festadellafamigliae solidarieta","festapalazzoadriano","francescasulli","ilariaparrino","ingegni_palazzoadriano","mariaconcettaoedal\u00e0","michelangelocammarata","Ministerodellacultura","Nicol\u00f2gran\u00e0","paolaschir\u00f2","pasqualinocuttonaro","prolocopalazzoadriano","Regione Sicilia","solidariet\u00e0","walvatorespata"]},{"@type":"NewsArticle","@id":"https:\/\/www.radiotime.it\/2023\/07\/12\/ok-boomer-al-via-il-progetto-sulle-tradizioni-siciliane-e-luso-dei-social-media\/","headline":"&#8220;Ok Boomer!&#8221;: al via il progetto sulle tradizioni siciliane e l&#8217;uso dei social media","url":"https:\/\/www.radiotime.it\/2023\/07\/12\/ok-boomer-al-via-il-progetto-sulle-tradizioni-siciliane-e-luso-dei-social-media\/","datePublished":"2023-07-12","dateModified":"2023-07-12","mainEntityOfPage":"https:\/\/www.radiotime.it\/2023\/07\/12\/ok-boomer-al-via-il-progetto-sulle-tradizioni-siciliane-e-luso-dei-social-media\/","author":{"@type":"Person","@id":"https:\/\/www.radiotime.it\/author\/staff\/#Person","name":"staff","url":"https:\/\/www.radiotime.it\/author\/staff\/","identifier":8,"image":{"@type":"ImageObject","@id":"https:\/\/secure.gravatar.com\/avatar\/8f004fcfadece6f5f68f901a61253afb?s=96&d=mm&r=g","url":"https:\/\/secure.gravatar.com\/avatar\/8f004fcfadece6f5f68f901a61253afb?s=96&d=mm&r=g","height":96,"width":96}},"publisher":{"@type":"Organization","name":"RADIOTIME","logo":{"@type":"ImageObject","@id":"https:\/\/www.radiotime.it\/wp-content\/uploads\/2020\/02\/Logo_Time_1500-e1580898267395.png","url":"https:\/\/www.radiotime.it\/wp-content\/uploads\/2020\/02\/Logo_Time_1500-e1580898267395.png","width":600,"height":60}},"image":{"@type":"ImageObject","@id":"https:\/\/www.radiotime.it\/wp-content\/uploads\/2023\/07\/ok_boomer.png","url":"https:\/\/www.radiotime.it\/wp-content\/uploads\/2023\/07\/ok_boomer.png","height":465,"width":791},"keywords":["#social","#tradizione","Regione Sicilia","regione siciliana","social media"]},{"@type":"NewsArticle","@id":"https:\/\/www.radiotime.it\/2021\/12\/28\/cultura-la-regione-acquistera-la-casa-natale-di-quasimodo-a-modica\/","headline":"Cultura, la Regione acquister\u00e0 la casa natale di Quasimodo a Modica","url":"https:\/\/www.radiotime.it\/2021\/12\/28\/cultura-la-regione-acquistera-la-casa-natale-di-quasimodo-a-modica\/","datePublished":"2021-12-28","dateModified":"2021-12-28","mainEntityOfPage":"https:\/\/www.radiotime.it\/2021\/12\/28\/cultura-la-regione-acquistera-la-casa-natale-di-quasimodo-a-modica\/","author":{"@type":"Person","@id":"https:\/\/www.radiotime.it\/author\/staff\/#Person","name":"staff","url":"https:\/\/www.radiotime.it\/author\/staff\/","identifier":8,"image":{"@type":"ImageObject","@id":"https:\/\/secure.gravatar.com\/avatar\/8f004fcfadece6f5f68f901a61253afb?s=96&d=mm&r=g","url":"https:\/\/secure.gravatar.com\/avatar\/8f004fcfadece6f5f68f901a61253afb?s=96&d=mm&r=g","height":96,"width":96}},"publisher":{"@type":"Organization","name":"RADIOTIME","logo":{"@type":"ImageObject","@id":"https:\/\/www.radiotime.it\/wp-content\/uploads\/2020\/02\/Logo_Time_1500-e1580898267395.png","url":"https:\/\/www.radiotime.it\/wp-content\/uploads\/2020\/02\/Logo_Time_1500-e1580898267395.png","width":600,"height":60}},"image":{"@type":"ImageObject","@id":"https:\/\/www.radiotime.it\/wp-content\/uploads\/2021\/12\/Casa-Quasimodo-interni.jpeg","url":"https:\/\/www.radiotime.it\/wp-content\/uploads\/2021\/12\/Casa-Quasimodo-interni.jpeg","height":1536,"width":2048},"keywords":["cultura","letteratura","quasimodo","Regione Sicilia","salvatore quasimodo","storia"]},{"@type":"NewsArticle","@id":"https:\/\/www.radiotime.it\/2021\/05\/05\/sicilia-da-giovedi-6-al-via-le-prenotazioni-per-le-vaccinazioni-degli-over-50\/","headline":"Sicilia, da gioved\u00ec 6 al via le prenotazioni per le vaccinazioni degli over 50","url":"https:\/\/www.radiotime.it\/2021\/05\/05\/sicilia-da-giovedi-6-al-via-le-prenotazioni-per-le-vaccinazioni-degli-over-50\/","datePublished":"2021-05-05","dateModified":"2021-05-05","mainEntityOfPage":"https:\/\/www.radiotime.it\/2021\/05\/05\/sicilia-da-giovedi-6-al-via-le-prenotazioni-per-le-vaccinazioni-degli-over-50\/","author":{"@type":"Person","@id":"https:\/\/www.radiotime.it\/author\/staff\/#Person","name":"staff","url":"https:\/\/www.radiotime.it\/author\/staff\/","identifier":8,"image":{"@type":"ImageObject","@id":"https:\/\/secure.gravatar.com\/avatar\/8f004fcfadece6f5f68f901a61253afb?s=96&d=mm&r=g","url":"https:\/\/secure.gravatar.com\/avatar\/8f004fcfadece6f5f68f901a61253afb?s=96&d=mm&r=g","height":96,"width":96}},"publisher":{"@type":"Organization","name":"RADIOTIME","logo":{"@type":"ImageObject","@id":"https:\/\/www.radiotime.it\/wp-content\/uploads\/2020\/02\/Logo_Time_1500-e1580898267395.png","url":"https:\/\/www.radiotime.it\/wp-content\/uploads\/2020\/02\/Logo_Time_1500-e1580898267395.png","width":600,"height":60}},"image":{"@type":"ImageObject","@id":"https:\/\/www.radiotime.it\/wp-content\/uploads\/2021\/04\/vaccino1-420x252-1.jpg","url":"https:\/\/www.radiotime.it\/wp-content\/uploads\/2021\/04\/vaccino1-420x252-1.jpg","height":252,"width":420},"keywords":["#vaccini","Nello Musumeci","over 50","Regione Sicilia","vaccinazioni"]},{"@type":"NewsArticle","@id":"https:\/\/www.radiotime.it\/2021\/04\/12\/ancora-chiusure-protesta-a-piazza-indipendenza-di-ristoratori-e-parrucchieri\/","headline":"Ancora chiusure: protesta a Piazza Indipendenza di ristoratori e parrucchieri","url":"https:\/\/www.radiotime.it\/2021\/04\/12\/ancora-chiusure-protesta-a-piazza-indipendenza-di-ristoratori-e-parrucchieri\/","datePublished":"2021-04-12","dateModified":"2021-04-12","mainEntityOfPage":"https:\/\/www.radiotime.it\/2021\/04\/12\/ancora-chiusure-protesta-a-piazza-indipendenza-di-ristoratori-e-parrucchieri\/","author":{"@type":"Person","@id":"https:\/\/www.radiotime.it\/author\/staff\/#Person","name":"staff","url":"https:\/\/www.radiotime.it\/author\/staff\/","identifier":8,"image":{"@type":"ImageObject","@id":"https:\/\/secure.gravatar.com\/avatar\/8f004fcfadece6f5f68f901a61253afb?s=96&d=mm&r=g","url":"https:\/\/secure.gravatar.com\/avatar\/8f004fcfadece6f5f68f901a61253afb?s=96&d=mm&r=g","height":96,"width":96}},"publisher":{"@type":"Organization","name":"RADIOTIME","logo":{"@type":"ImageObject","@id":"https:\/\/www.radiotime.it\/wp-content\/uploads\/2020\/02\/Logo_Time_1500-e1580898267395.png","url":"https:\/\/www.radiotime.it\/wp-content\/uploads\/2020\/02\/Logo_Time_1500-e1580898267395.png","width":600,"height":60}},"image":{"@type":"ImageObject","@id":"https:\/\/www.radiotime.it\/wp-content\/uploads\/2021\/04\/piazza_indipendenza.jpg","url":"https:\/\/www.radiotime.it\/wp-content\/uploads\/2021\/04\/piazza_indipendenza.jpg","height":768,"width":1366},"keywords":["Palermo","piazza indipendenza","protesta","Regione Sicilia","restrizioni","ristoratori","Sicilia","Zona Rossa"]},{"@type":"NewsArticle","@id":"https:\/\/www.radiotime.it\/2021\/04\/02\/dati-covid-falsi-le-ipotesi-sul-movente-dai-pc-verra-fuori-tanto-altro\/","headline":"Dati Covid falsi, le ipotesi sul \u00abmovente\u00bb: \u00abDai pc verr\u00e0 fuori tanto altro\u00bb","url":"https:\/\/www.radiotime.it\/2021\/04\/02\/dati-covid-falsi-le-ipotesi-sul-movente-dai-pc-verra-fuori-tanto-altro\/","datePublished":"2021-04-02","dateModified":"2021-04-02","mainEntityOfPage":"https:\/\/www.radiotime.it\/2021\/04\/02\/dati-covid-falsi-le-ipotesi-sul-movente-dai-pc-verra-fuori-tanto-altro\/","author":{"@type":"Person","@id":"https:\/\/www.radiotime.it\/author\/staff\/#Person","name":"staff","url":"https:\/\/www.radiotime.it\/author\/staff\/","identifier":8,"image":{"@type":"ImageObject","@id":"https:\/\/secure.gravatar.com\/avatar\/8f004fcfadece6f5f68f901a61253afb?s=96&d=mm&r=g","url":"https:\/\/secure.gravatar.com\/avatar\/8f004fcfadece6f5f68f901a61253afb?s=96&d=mm&r=g","height":96,"width":96}},"publisher":{"@type":"Organization","name":"RADIOTIME","logo":{"@type":"ImageObject","@id":"https:\/\/www.radiotime.it\/wp-content\/uploads\/2020\/02\/Logo_Time_1500-e1580898267395.png","url":"https:\/\/www.radiotime.it\/wp-content\/uploads\/2020\/02\/Logo_Time_1500-e1580898267395.png","width":600,"height":60}},"image":{"@type":"ImageObject","@id":"https:\/\/www.radiotime.it\/wp-content\/uploads\/2021\/04\/ruggero_razza-scaled.jpg","url":"https:\/\/www.radiotime.it\/wp-content\/uploads\/2021\/04\/ruggero_razza-scaled.jpg","height":1703,"width":2560},"keywords":["#salute","Coronavirus","Covid19","dati","Razza","Regione Sicilia","Sicilia"]},{"@type":"NewsArticle","@id":"https:\/\/www.radiotime.it\/2020\/12\/18\/attiva-sicilia-rischio-default-lo-statuto-siciliano-deve-essere-applicato\/","headline":"Attiva Sicilia: \u00abRischio default, lo Statuto Siciliano deve essere applicato\u00bb","url":"https:\/\/www.radiotime.it\/2020\/12\/18\/attiva-sicilia-rischio-default-lo-statuto-siciliano-deve-essere-applicato\/","datePublished":"2020-12-18","dateModified":"2020-12-18","mainEntityOfPage":"https:\/\/www.radiotime.it\/2020\/12\/18\/attiva-sicilia-rischio-default-lo-statuto-siciliano-deve-essere-applicato\/","author":{"@type":"Person","@id":"https:\/\/www.radiotime.it\/author\/staff\/#Person","name":"staff","url":"https:\/\/www.radiotime.it\/author\/staff\/","identifier":8,"image":{"@type":"ImageObject","@id":"https:\/\/secure.gravatar.com\/avatar\/8f004fcfadece6f5f68f901a61253afb?s=96&d=mm&r=g","url":"https:\/\/secure.gravatar.com\/avatar\/8f004fcfadece6f5f68f901a61253afb?s=96&d=mm&r=g","height":96,"width":96}},"publisher":{"@type":"Organization","name":"RADIOTIME","logo":{"@type":"ImageObject","@id":"https:\/\/www.radiotime.it\/wp-content\/uploads\/2020\/02\/Logo_Time_1500-e1580898267395.png","url":"https:\/\/www.radiotime.it\/wp-content\/uploads\/2020\/02\/Logo_Time_1500-e1580898267395.png","width":600,"height":60}},"image":{"@type":"ImageObject","@id":"https:\/\/www.radiotime.it\/wp-content\/uploads\/2020\/12\/Statuto_Siciliano.jpg","url":"https:\/\/www.radiotime.it\/wp-content\/uploads\/2020\/12\/Statuto_Siciliano.jpg","height":720,"width":1280},"keywords":["Attiva Sicilia","Foti","Regione Sicilia","Sicilia","Statuto Sicilia"]},{"@type":"NewsArticle","@id":"https:\/\/www.radiotime.it\/2020\/11\/14\/palermo-le-scuole-rimangono-aperte-orlnado-ci-ripensa\/","headline":"Palermo, le scuole rimangono aperte: Orlnado ci ripensa","url":"https:\/\/www.radiotime.it\/2020\/11\/14\/palermo-le-scuole-rimangono-aperte-orlnado-ci-ripensa\/","datePublished":"2020-11-14","dateModified":"2020-11-14","mainEntityOfPage":"https:\/\/www.radiotime.it\/2020\/11\/14\/palermo-le-scuole-rimangono-aperte-orlnado-ci-ripensa\/","author":{"@type":"Person","@id":"https:\/\/www.radiotime.it\/author\/staff\/#Person","name":"staff","url":"https:\/\/www.radiotime.it\/author\/staff\/","identifier":8,"image":{"@type":"ImageObject","@id":"https:\/\/secure.gravatar.com\/avatar\/8f004fcfadece6f5f68f901a61253afb?s=96&d=mm&r=g","url":"https:\/\/secure.gravatar.com\/avatar\/8f004fcfadece6f5f68f901a61253afb?s=96&d=mm&r=g","height":96,"width":96}},"publisher":{"@type":"Organization","name":"RADIOTIME","logo":{"@type":"ImageObject","@id":"https:\/\/www.radiotime.it\/wp-content\/uploads\/2020\/02\/Logo_Time_1500-e1580898267395.png","url":"https:\/\/www.radiotime.it\/wp-content\/uploads\/2020\/02\/Logo_Time_1500-e1580898267395.png","width":600,"height":60}},"image":{"@type":"ImageObject","@id":"https:\/\/www.radiotime.it\/wp-content\/uploads\/2020\/11\/leoluca-orlando.jpg","url":"https:\/\/www.radiotime.it\/wp-content\/uploads\/2020\/11\/leoluca-orlando.jpg","height":442,"width":749},"keywords":["#covid","Coronavirus","istruzione","Lagalla","orlando","Regione Sicilia","scuola aperte"]},{"@type":"NewsArticle","@id":"https:\/\/www.radiotime.it\/2020\/11\/13\/orlando-chiude-le-scuole-lagalla-spero-non-ci-siano-fini-politici\/","headline":"Orlando chiude le scuole, Lagalla: \u00abSpero non ci siano fini politici\u00bb","url":"https:\/\/www.radiotime.it\/2020\/11\/13\/orlando-chiude-le-scuole-lagalla-spero-non-ci-siano-fini-politici\/","datePublished":"2020-11-13","dateModified":"2020-11-13","mainEntityOfPage":"https:\/\/www.radiotime.it\/2020\/11\/13\/orlando-chiude-le-scuole-lagalla-spero-non-ci-siano-fini-politici\/","author":{"@type":"Person","@id":"https:\/\/www.radiotime.it\/author\/staff\/#Person","name":"staff","url":"https:\/\/www.radiotime.it\/author\/staff\/","identifier":8,"image":{"@type":"ImageObject","@id":"https:\/\/secure.gravatar.com\/avatar\/8f004fcfadece6f5f68f901a61253afb?s=96&d=mm&r=g","url":"https:\/\/secure.gravatar.com\/avatar\/8f004fcfadece6f5f68f901a61253afb?s=96&d=mm&r=g","height":96,"width":96}},"publisher":{"@type":"Organization","name":"RADIOTIME","logo":{"@type":"ImageObject","@id":"https:\/\/www.radiotime.it\/wp-content\/uploads\/2020\/02\/Logo_Time_1500-e1580898267395.png","url":"https:\/\/www.radiotime.it\/wp-content\/uploads\/2020\/02\/Logo_Time_1500-e1580898267395.png","width":600,"height":60}},"image":{"@type":"ImageObject","@id":"https:\/\/www.radiotime.it\/wp-content\/uploads\/2020\/08\/RobertoLagalla.jpg","url":"https:\/\/www.radiotime.it\/wp-content\/uploads\/2020\/08\/RobertoLagalla.jpg","height":473,"width":819},"keywords":["#covid","Coronavirus","istruzione","Lagalla","orlando","Regione Sicilia","scuola chiuse"]},{"@type":"NewsArticle","@id":"https:\/\/www.radiotime.it\/2020\/11\/05\/patrizia-di-dio-nuovo-dpcm-se-non-ci-sono-le-capacita-che-si-tolgano-dalle-scatole\/","headline":"Patrizia Di Dio, nuovo DPCM: \u00abSe non ci sono le capacit\u00e0, che si tolgano dalle scatole\u00bb","url":"https:\/\/www.radiotime.it\/2020\/11\/05\/patrizia-di-dio-nuovo-dpcm-se-non-ci-sono-le-capacita-che-si-tolgano-dalle-scatole\/","datePublished":"2020-11-05","dateModified":"2020-11-05","mainEntityOfPage":"https:\/\/www.radiotime.it\/2020\/11\/05\/patrizia-di-dio-nuovo-dpcm-se-non-ci-sono-le-capacita-che-si-tolgano-dalle-scatole\/","author":{"@type":"Person","@id":"https:\/\/www.radiotime.it\/author\/staff\/#Person","name":"staff","url":"https:\/\/www.radiotime.it\/author\/staff\/","identifier":8,"image":{"@type":"ImageObject","@id":"https:\/\/secure.gravatar.com\/avatar\/8f004fcfadece6f5f68f901a61253afb?s=96&d=mm&r=g","url":"https:\/\/secure.gravatar.com\/avatar\/8f004fcfadece6f5f68f901a61253afb?s=96&d=mm&r=g","height":96,"width":96}},"publisher":{"@type":"Organization","name":"RADIOTIME","logo":{"@type":"ImageObject","@id":"https:\/\/www.radiotime.it\/wp-content\/uploads\/2020\/02\/Logo_Time_1500-e1580898267395.png","url":"https:\/\/www.radiotime.it\/wp-content\/uploads\/2020\/02\/Logo_Time_1500-e1580898267395.png","width":600,"height":60}},"image":{"@type":"ImageObject","@id":"https:\/\/www.radiotime.it\/wp-content\/uploads\/2020\/11\/Patrizia_di_Dio.jpg","url":"https:\/\/www.radiotime.it\/wp-content\/uploads\/2020\/11\/Patrizia_di_Dio.jpg","height":296,"width":407},"keywords":["DPCM","Patrizia Di Dio","Regione Sicilia","Sicilia"]}]}